{"id":1776,"date":"2021-06-16T15:09:26","date_gmt":"2021-06-16T12:09:26","guid":{"rendered":"http:\/\/fnfm.md\/?p=1776"},"modified":"2021-06-16T15:09:26","modified_gmt":"2021-06-16T12:09:26","slug":"peste-20-mii-tone-de-mere-raman-in-frigidere-ce-facem-cu-ele","status":"publish","type":"post","link":"https:\/\/fnf.md\/index.php\/2021\/06\/16\/peste-20-mii-tone-de-mere-raman-in-frigidere-ce-facem-cu-ele\/","title":{"rendered":"PESTE 20 MII TONE DE MERE R\u0102M\u00c2N \u00ceN FRIGIDERE. Ce facem cu ele?"},"content":{"rendered":"<p>Speciali\u0219tii \u00een marketing ai organiza\u021biilor de produc\u0103tori agricoli din Moldova sunt de acord c\u0103 este logic ca produc\u0103torii \u0219i comercian\u021bii \u201es\u0103 construiasc\u0103 un program de export mai uniform, adic\u0103 s\u0103 majoreze exportul \u00een aceast\u0103 toamn\u0103, f\u0103r\u0103 s\u0103 spere la intensitatea maxim\u0103 a acestora \u00een perioada iarn\u0103-prim\u0103var\u0103\u201d.<!--more--><br \/>\nConcluzia a fost f\u0103cut\u0103 \u00een baza datelor privind dinamica exporturilor \u00een iarna \u0219i prim\u0103vara anului 2021. Potrivit estim\u0103rilor exper\u021bilor, Moldova a exportat aproximativ 120 de mii de tone de mere din recolta din 2020 p\u00e2n\u0103 la \u00eenceputul acestei luni. Mai mult, \u00een 2021, din ianuarie p\u00e2n\u0103 \u00een mai inclusiv, aproape 84 de mii de tone de mere au fost trimise \u00een str\u0103in\u0103tate din \u021bar\u0103. Cu toate acestea, traderii au r\u0103mas cu mult \u00een urma programului de export anticipat.<\/p>\n<p>Potrivit estim\u0103rilor Asocia\u021biei Moldova Fruct, aproximativ 10-20 mii tone de mere r\u0103m\u00e2n \u00een frigiderele \u00eentreprinderilor horticole \u0219i comerciale. \u0218ansele de a le exporta luna aceasta sunt mici. \u00cen anii preceden\u021bi, volumul exportului de mere \u00een iunie, comparativ cu luna mai, a sc\u0103zut de c\u00e2teva ori &#8211; p\u00e2n\u0103 la 3-5 mii tone. \u00cen situa\u021bia actual\u0103, principalul canal de realizare a merelor r\u0103m\u00e2n \u00eentreprinderile produc\u0103toare de concentrat de mere.<\/p>\n<p>Operatorii pie\u021bei de fructe din Moldova sus\u021bin c\u0103 problema a ap\u0103rut datorit\u0103 faptului c\u0103 toamna trecut\u0103, \u00een ciuda tendin\u021bei din anii preceden\u021bi, volumul exporturilor de mere moldovene\u0219ti a sc\u0103zut: \u00een septembrie &#8211; 9,5 mii tone, \u00een octombrie &#8211; 6,7 mii tone, \u00een noiembrie &#8211; 6,4 mii tone. \u00cen septembrie-noiembrie 2019, exportul cu mere a crescut de la 9 la 18 mii tone. \u00cen toamna anului 2018, volumul s-a men\u021binut la nivelul de aproximativ 19-21 mii tone pe lun\u0103.<\/p>\n<p>Sursa: Agromedia<\/p>\n","protected":false},"excerpt":{"rendered":"<p>Speciali\u0219tii \u00een marketing ai organiza\u021biilor de produc\u0103tori agricoli din Moldova sunt de acord c\u0103 este logic ca produc\u0103torii \u0219i comercian\u021bii \u201es\u0103 construiasc\u0103 un program de export mai uniform, adic\u0103 s\u0103 majoreze exportul \u00een aceast\u0103 toamn\u0103, f\u0103r\u0103 s\u0103 spere la intensitatea maxim\u0103 a acestora \u00een perioada iarn\u0103-prim\u0103var\u0103\u201d.<\/p>\n","protected":false},"author":3,"featured_media":1777,"comment_status":"closed","ping_status":"closed","sticky":false,"template":"","format":"standard","meta":{"footnotes":"","jetpack_publicize_message":"","jetpack_publicize_feature_enabled":true,"jetpack_social_post_already_shared":false,"jetpack_social_options":{"image_generator_settings":{"template":"highway","default_image_id":0,"font":"","enabled":false},"version":2}},"categories":[],"tags":[],"class_list":["post-1776","post","type-post","status-publish","format-standard","has-post-thumbnail","hentry"],"jetpack_publicize_connections":[],"_links":{"self":[{"href":"https:\/\/fnf.md\/index.php\/wp-json\/wp\/v2\/posts\/1776","targetHints":{"allow":["GET"]}}],"collection":[{"href":"https:\/\/fnf.md\/index.php\/wp-json\/wp\/v2\/posts"}],"about":[{"href":"https:\/\/fnf.md\/index.php\/wp-json\/wp\/v2\/types\/post"}],"author":[{"embeddable":true,"href":"https:\/\/fnf.md\/index.php\/wp-json\/wp\/v2\/users\/3"}],"replies":[{"embeddable":true,"href":"https:\/\/fnf.md\/index.php\/wp-json\/wp\/v2\/comments?post=1776"}],"version-history":[{"count":1,"href":"https:\/\/fnf.md\/index.php\/wp-json\/wp\/v2\/posts\/1776\/revisions"}],"predecessor-version":[{"id":1778,"href":"https:\/\/fnf.md\/index.php\/wp-json\/wp\/v2\/posts\/1776\/revisions\/1778"}],"wp:featuredmedia":[{"embeddable":true,"href":"https:\/\/fnf.md\/index.php\/wp-json\/wp\/v2\/media\/1777"}],"wp:attachment":[{"href":"https:\/\/fnf.md\/index.php\/wp-json\/wp\/v2\/media?parent=1776"}],"wp:term":[{"taxonomy":"category","embeddable":true,"href":"https:\/\/fnf.md\/index.php\/wp-json\/wp\/v2\/categories?post=1776"},{"taxonomy":"post_tag","embeddable":true,"href":"https:\/\/fnf.md\/index.php\/wp-json\/wp\/v2\/tags?post=1776"}],"curies":[{"name":"wp","href":"https:\/\/api.w.org\/{rel}","templated":true}]}}