{"id":2879,"date":"2022-03-22T13:15:40","date_gmt":"2022-03-22T11:15:40","guid":{"rendered":"http:\/\/fnfm.md\/?p=2879"},"modified":"2022-03-22T13:15:40","modified_gmt":"2022-03-22T11:15:40","slug":"interviu-valeriu-cosarciuc-este-sau-nu-securitatea-alimentara-in-pericol","status":"publish","type":"post","link":"https:\/\/fnf.md\/index.php\/2022\/03\/22\/interviu-valeriu-cosarciuc-este-sau-nu-securitatea-alimentara-in-pericol\/","title":{"rendered":"INTERVIU VALERIU COSARCIUC: ESTE SAU NU SECURITATEA ALIMENTAR\u0102 \u00ceN PERICOL?"},"content":{"rendered":"<div><strong>Anul 2022 pare a fi unul dintre cei mai dificili\u00a0 pentru agricultura Republicii Moldova. Fermierii sunt \u00een fa\u021ba unor dileme \u0219i provoc\u0103ri esen\u021biale, iar alegerea este extrem\u0103\u00a0 \u2013 fie sunt sprijini\u021bi de stat, fie \u00ee\u0219i iau inima \u00een din\u021bi \u0219i asigur\u0103 securitatea alimentar\u0103 a \u021b\u0103rii pe cont propriu, fie abandoneaz\u0103.\u00a0<\/strong><\/p>\n<\/div>\n<p><!--more--><\/p>\n<div>Provoc\u0103rile ce au dat de \u0219tire \u00eenc\u0103 din iarn\u0103 se fac \u0219i mai mult resim\u021bite \u00een toiul prim\u0103verii \u2013 pre\u021bul mare al motorinei, cel al fertilizan\u021bilor, dar \u0219i noile decizii ale B\u0103ncii Na\u021bionale privind majorarea ratei de baz\u0103 a creditelor, \u00eei fac pe agricultori \u0219i mai pesimi\u0219ti. Valeriu Cosarciuc, pre\u0219edintele Federa\u021biei Fermierilor din Republica Moldova \u0219i fost ministru al Agriculturii declar\u0103 pentru Politik.md c\u0103, \u00een noile circumstan\u021be, inclusiv regionale, vocea fermierilor r\u0103m\u00e2ne \u00eenc\u0103 neauzit\u0103 de c\u0103tre autorit\u0103\u021bi, iar disperarea lor se amplific\u0103.<br \/>\n<strong><br \/>\n<\/strong><\/div>\n<div><em><strong>\u201dNoi am propus s\u0103 fie compensat\u0103 circa 50 la sut\u0103 din valoarea facturii, TVA-ul \u0219i accizele pentru fertilizan\u021bi \u0219i motorin\u0103. Guvernul nu vrea s\u0103 accepte, deocamdat\u0103, aceast\u0103 propunere. \u00cens\u0103, noi nu \u00een\u021belegem cum, \u00een aceste circumstan\u021be, putem asigura securitatea alimentar\u0103 a \u021b\u0103rii\u201d,<\/strong><\/em><strong>\u00a0<\/strong>decalar\u0103 Valeriu Cosarciuc, fostul ministru al Agriculturii, pre\u0219edintele Federa\u021biei Fermierilor din Republica Moldova.<\/p>\n<\/div>\n<div>\u00centrebat dac\u0103 ar fi fost ast\u0103zi \u00een func\u021bia de ministru al Agriculturii \u0219i ar fi gata s\u0103 realizeze propunerile de mai sus, Valeriu Cosarciuc a declarat c\u0103:\u00a0<strong>\u201dDa. Alte variante nu sunt. Noi vedem ce se \u00eent\u00e2mpl\u0103 \u00een regiune. De exemplu, \u00een Rom\u00e2nia, Guvernul ia m\u0103suri zilnic pentru a compensa cheltuielile agricultorilor\u201d.<\/strong><\/p>\n<\/div>\n<div><strong>R\u0103zboiul din Ucraina genereaz\u0103 scumpirea fertilizan\u021bilor pentru agricultorii moldoveni<\/strong><\/p>\n<\/div>\n<div>Fostul ministru al Agriculturii spune c\u0103 o alt\u0103 problem\u0103 important\u0103 cu care se vor confrunt\u0103 fermierii din \u021bara noastr\u0103 este importul de fertilizan\u021bi, av\u00e2nd \u00een vedere situa\u021bia tensionat\u0103 din regiune. Valeriu Cosarciuc men\u021bioneaz\u0103 c\u0103 fermierii ar putea s\u0103 fac\u0103 agricultur\u0103 \u0219i f\u0103r\u0103 fertilizan\u021bi, \u00eens\u0103 roada se va reduce cu circa 50 la sut\u0103.<\/p>\n<\/div>\n<div><em><strong>\u201dFermierii nu vor putea utiliza fertilizan\u021bi \u00een acest an. Sunt doi factori, pre\u021bul mare la aceste produse, dar \u0219i disponibilitatea acestora, av\u00e2nd \u00een vedere faptul c\u0103 majoritatea din aceste produse erau importate din Ucraina sau Rusia. Alternativele sunt: Polonia, Bulgaria \u0219i Rom\u00e2nia, \u00eens\u0103 deja costurile vor cre\u0219te substan\u021bial\u201d<\/strong><\/em>, a spus Cosarciuc.<\/p>\n<\/div>\n<div>Mai mult, Cosarciuc men\u021bioneaz\u0103: \u201dCu un miliard \u0219i jum\u0103tate, c\u00e2t este fondul de subven\u021bionare pentru agricultur\u0103, actualmente, nu po\u021bi face investi\u021bii, dar \u0219i s\u0103 compensezi anumite pierderi. El trebuie m\u0103rit. Noi nu \u00een\u021belegem dac\u0103 actuala guvernare\u00a0 se g\u00e2nde\u0219te la acest aspect sau nu\u201d.<\/div>\n<div><\/div>\n<div>Securitatea alimentar\u0103 va fi pus\u0103 \u00een pericol, iar pentru asta va r\u0103spunde Guvernul<\/p>\n<\/div>\n<div><em><strong>\u201dNu cred c\u0103 agricultorii vor renun\u021ba la acest sector, \u00eens\u0103 salvarea este dezvoltarea ramurii care s\u0103 faciliteze producerea propriilor \u00eengr\u0103\u0219\u0103minte. La ora actual\u0103, se creaz\u0103 impresia c\u0103 fermierii sunt pe cont propriu, iar securitatea alimentar\u0103 risc\u0103 s\u0103 fie pus\u0103 \u00een pericol. Pentru asta va r\u0103spunde Guvernul. De aceea, autorit\u0103\u021bile trebuie s\u0103 \u00een\u021beleag\u0103 c\u0103 fermierii trebuie ajuta\u021bi, acum\u201d,<\/strong><\/em><strong>\u00a0<\/strong>mai spune pre\u0219edintele Federa\u021biei Fermierilor.\n<\/div>\n<div><strong>Agricultura nu este un business<\/strong><\/p>\n<\/div>\n<div>Totodat\u0103, Valeriu Cosarciuc men\u021bioneaz\u0103 c\u0103 vor ap\u0103rea mai multe oportunit\u0103\u021bi. Republica Moldova trebuie s\u0103-\u0219i stimuleze produc\u0103torii agricoli locali s\u0103-\u0219i v\u00e2nd\u0103 produsele aici, \u00een \u021bar\u0103, s\u0103 nu depind\u0103 masiv de importuri, doar\u00a0 c\u0103 produsele moldovene\u0219ti s\u0103 aib\u0103\u00a0 \u0219i un pre\u021b corect.<\/p>\n<div><strong>\u201dV\u0103 dau un exemplu, Guvernul din Bulgaria a anun\u021bat c\u0103 va face achizi\u021bie de gr\u00e2u, floarea soarelui \u0219i alte produse, la un pre\u021b foarte bun pentru produc\u0103torii din acea \u021bar\u0103. Atunci c\u00e2nd a fost sistat exportul de semin\u021be de porumb din Republica Moldova, prin decizia CSE, cineva a profitat \u0219i a cump\u0103rat de la fermieri cantit\u0103\u021bi mari\u00a0 de porumb, la pre\u021buri derizorii. Cineva a profitat, al\u021bii au pierdut. Agricultura nu este un business, a\u0219a cum consider\u0103 unii pentru c\u0103 aceast\u0103 ramur\u0103 strategic\u0103 asigur\u0103 existen\u021ba civiliza\u021biei \u2013 f\u0103r\u0103 hran\u0103, nu po\u021bi exista\u201d,<\/strong>\u00a0a declarat Cosarciuc pentru Politik.md.<\/div>\n<div><\/div>\n<div>Fostul ministru al agriculturii spune c\u0103 \u00een Republica Moldova exist\u0103 \u0219i o lege, care prevede interven\u021bia \u00een situa\u021bii de urgen\u021b\u0103. Iat\u0103 de ce, institu\u021biile statului trebuie s\u0103 fac\u0103 rezerve pentru a asigurara securitatea alimentar\u0103,\u00a0 achizi\u021bion\u00e2nd cel pu\u021bin produsele de prim\u0103 necesitate de pe pia\u021ba intern\u0103.<\/div>\n<div><\/div>\n<\/div>\n<div>Sursa Politik.md<\/div>\n<div><a href=\"http:\/\/politik.md\/articles\/economic\/este-sau-nu-securitatea-alimentara-in-pericol-fost-ministru-al-agriculturii-de-asta-raspunde-guvernul\/46975\/\">http:\/\/politik.md\/articles\/economic\/este-sau-nu-securitatea-alimentara-in-pericol-fost-ministru-al-agriculturii-de-asta-raspunde-guvernul\/46975\/<\/a><\/div>\n","protected":false},"excerpt":{"rendered":"<p>Anul 2022 pare a fi unul dintre cei mai dificili\u00a0 pentru agricultura Republicii Moldova. Fermierii sunt \u00een fa\u021ba unor dileme \u0219i provoc\u0103ri esen\u021biale, iar alegerea este extrem\u0103\u00a0 \u2013 fie sunt sprijini\u021bi de stat, fie \u00ee\u0219i iau inima \u00een din\u021bi \u0219i asigur\u0103 securitatea alimentar\u0103 a \u021b\u0103rii pe cont propriu, fie abandoneaz\u0103.\u00a0<\/p>\n","protected":false},"author":3,"featured_media":2880,"comment_status":"closed","ping_status":"closed","sticky":false,"template":"","format":"standard","meta":{"footnotes":"","jetpack_publicize_message":"","jetpack_publicize_feature_enabled":true,"jetpack_social_post_already_shared":false,"jetpack_social_options":{"image_generator_settings":{"template":"highway","default_image_id":0,"font":"","enabled":false},"version":2}},"categories":[],"tags":[],"class_list":["post-2879","post","type-post","status-publish","format-standard","has-post-thumbnail","hentry"],"jetpack_publicize_connections":[],"_links":{"self":[{"href":"https:\/\/fnf.md\/index.php\/wp-json\/wp\/v2\/posts\/2879","targetHints":{"allow":["GET"]}}],"collection":[{"href":"https:\/\/fnf.md\/index.php\/wp-json\/wp\/v2\/posts"}],"about":[{"href":"https:\/\/fnf.md\/index.php\/wp-json\/wp\/v2\/types\/post"}],"author":[{"embeddable":true,"href":"https:\/\/fnf.md\/index.php\/wp-json\/wp\/v2\/users\/3"}],"replies":[{"embeddable":true,"href":"https:\/\/fnf.md\/index.php\/wp-json\/wp\/v2\/comments?post=2879"}],"version-history":[{"count":1,"href":"https:\/\/fnf.md\/index.php\/wp-json\/wp\/v2\/posts\/2879\/revisions"}],"predecessor-version":[{"id":2881,"href":"https:\/\/fnf.md\/index.php\/wp-json\/wp\/v2\/posts\/2879\/revisions\/2881"}],"wp:featuredmedia":[{"embeddable":true,"href":"https:\/\/fnf.md\/index.php\/wp-json\/wp\/v2\/media\/2880"}],"wp:attachment":[{"href":"https:\/\/fnf.md\/index.php\/wp-json\/wp\/v2\/media?parent=2879"}],"wp:term":[{"taxonomy":"category","embeddable":true,"href":"https:\/\/fnf.md\/index.php\/wp-json\/wp\/v2\/categories?post=2879"},{"taxonomy":"post_tag","embeddable":true,"href":"https:\/\/fnf.md\/index.php\/wp-json\/wp\/v2\/tags?post=2879"}],"curies":[{"name":"wp","href":"https:\/\/api.w.org\/{rel}","templated":true}]}}