{"id":3037,"date":"2022-06-07T14:11:48","date_gmt":"2022-06-07T11:11:48","guid":{"rendered":"http:\/\/fnfm.md\/?p=3037"},"modified":"2022-06-07T14:11:48","modified_gmt":"2022-06-07T11:11:48","slug":"studiu-republica-moldova-inca-mai-are-spatiu-de-imbunatatire-pentru-a-atinge-un-nivel-mai-bun-de-egalitate-de-gen","status":"publish","type":"post","link":"https:\/\/fnf.md\/index.php\/2022\/06\/07\/studiu-republica-moldova-inca-mai-are-spatiu-de-imbunatatire-pentru-a-atinge-un-nivel-mai-bun-de-egalitate-de-gen\/","title":{"rendered":"STUDIU\/ REPUBLICA MOLDOVA \u00ceNC\u0102 MAI ARE SPA\u021aIU DE \u00ceMBUN\u0102T\u0102\u021aIRE PENTRU A ATINGE UN NIVEL MAI BUN DE EGALITATE DE GEN"},"content":{"rendered":"<div class=\"cxmmr5t8 oygrvhab hcukyx3x c1et5uql o9v6fnle ii04i59q\">\n<div dir=\"auto\">Inegalitatea de gen este considerat\u0103 a fi cauza principal\u0103 a celor mai multe probleme structurale din Republica Moldova. P\u00e2n\u0103 c\u00e2nd nu se vor investi resurse care s\u0103 duc\u0103 la egalitatea \u00eentre femei \u0219i b\u0103rba\u021bi aceste probleme vor continua. Sunt concluziile raportului de \u021bar\u0103 \u00een domeniul egalit\u0103\u021bii de gen realizat de Centrul Parteneriat pentru Dezvoltare.<\/div>\n<div dir=\"auto\">Studiul arat\u0103 c\u0103 \u00een Republica Moldova femeile sunt mult mai s\u0103race dec\u00e2t b\u0103rba\u021bii, au o rat\u0103 de ocupare mai mic\u0103 \u0219i sunt mult mai pu\u021bin reprezentate \u00een mediul de afaceri.<\/div>\n<\/div>\n<p><!--more--><\/p>\n<div class=\"cxmmr5t8 oygrvhab hcukyx3x c1et5uql o9v6fnle ii04i59q\">\n<div dir=\"auto\"><span class=\"pq6dq46d tbxw36s4 knj5qynh kvgmc6g5 ditlmg2l oygrvhab nvdbi5me sf5mxxl7 gl3lb2sf hhz5lgdu\"><img loading=\"lazy\" decoding=\"async\" src=\"https:\/\/static.xx.fbcdn.net\/images\/emoji.php\/v9\/t27\/1.5\/16\/1f446.png\" alt=\"\ud83d\udc46\" width=\"16\" height=\"16\" \/><\/span>\u00cen Republica Moldova pe pia\u021ba muncii sunt cele mai mari inegalit\u0103\u021bi \u00eentre femei \u0219i b\u0103rba\u021bi.<\/div>\n<div dir=\"auto\">Potrivit raportului de \u021bar\u0103, rata de ocupare a femeilor este cu 10 la sut\u0103 mai mic\u0103 fa\u021b\u0103 de cea a b\u0103rba\u021bilor, femeile fiind mai pu\u021bin active din perspectiv\u0103 economic\u0103.<\/div>\n<div dir=\"auto\">Potrivit exper\u021bilor, persist\u0103 practici discriminatorii la angajare.<\/div>\n<\/div>\n<div class=\"cxmmr5t8 oygrvhab hcukyx3x c1et5uql o9v6fnle ii04i59q\">\n<div dir=\"auto\">\u00cen spatele acestei diferen\u021be sunt varii motive dar principalele ar fi divizarea inechitabil\u0103 a muncii pl\u0103tite \u0219i nepl\u0103tite, accesul inechitabil la resurse, la diferite oportunit\u0103\u021bi economice, dar \u0219i rolurile de gen pe care \u0219i le asum\u0103 b\u0103rba\u021bii sau femeile, afirm\u0103 una dintre autoarele studiului, Natalia Covrig. \u00centr-o situa\u021bie \u0219i mai grav\u0103 sunt femeile din categoriile vulnerabile, precum cele cu dizabilit\u0103\u021bi sau femeile rome, mai spune Natalia Covrig.<\/div>\n<\/div>\n<div class=\"cxmmr5t8 oygrvhab hcukyx3x c1et5uql o9v6fnle ii04i59q\">\n<div dir=\"auto\">\u201dDac\u0103 vorbim de persoanele de etnie rom\u0103 atunci rata de ocupare este de circa \u0219apte ori mai mic\u0103 dec\u00e2t rata de ocupare a popula\u021biei generale. Deci avem circa 6% fa\u0219\u0103 de circa 40 la sut\u0103 \u00een cazul popula\u021biei generale. \u00cen aceste \u0219ase procente \u00een mare parte sunt b\u0103rba\u021bi. Femeile rrome practic lipsesc de pe pia\u021ba muncii. \u00cen mare parte aceast\u0103 situa\u021bie este determinat\u0103 de rolurile tradi\u021bionale de gen puternic \u00eenr\u0103d\u0103cinate \u00een comunitatea rrom\u0103, accesul limitat la educa\u021bie al copiilor rromi, \u00een special al feti\u021belor de etnie rrom\u0103. Dac\u0103 e s\u0103 ne referim la persoanele cu dizabilit\u0103\u021bi, rata de ocupare este de circa patru ori mai mic\u0103 dec\u00e2t a popula\u021biei generale\u2026\u201d, a declarat Natalia Covrig.<\/div>\n<\/div>\n<div class=\"cxmmr5t8 oygrvhab hcukyx3x c1et5uql o9v6fnle ii04i59q\">\n<div dir=\"auto\">\u00cen mare parte barierele cu care se confrunt\u0103 persoanele cu dizabilit\u0103\u021bi \u021bin de accesul fizic. Multe dintre institu\u021bii nu sunt adaptate la necesit\u0103\u021bile persoanelor cu dizabilit\u0103\u021bi, la fel ca \u0219i transportul.<\/div>\n<\/div>\n<div class=\"cxmmr5t8 oygrvhab hcukyx3x c1et5uql o9v6fnle ii04i59q\">\n<div dir=\"auto\"><span class=\"pq6dq46d tbxw36s4 knj5qynh kvgmc6g5 ditlmg2l oygrvhab nvdbi5me sf5mxxl7 gl3lb2sf hhz5lgdu\"><img loading=\"lazy\" decoding=\"async\" src=\"https:\/\/static.xx.fbcdn.net\/images\/emoji.php\/v9\/tc0\/1.5\/16\/2b55.png\" alt=\"\u2b55\ufe0f\" width=\"16\" height=\"16\" \/><\/span>S\u0103r\u0103cia este o alt\u0103 problem\u0103 cu care se confrunt\u0103 femeile \u00een Republica Moldova, \u00een special cele din mediul rural trecute de v\u00e2rsta de 60 de ani, sus\u021bine o alt\u0103 autoare a studiului, Alexandra Ermolenco.<\/div>\n<\/div>\n<div class=\"cxmmr5t8 oygrvhab hcukyx3x c1et5uql o9v6fnle ii04i59q\">\n<div dir=\"auto\">\u201dSe poate confirma c\u0103 feminizarea s\u0103r\u0103ciei este caracteristic\u0103 Rep. Moldova, iar femeile de peste 60 de ani sunt grupul cel mai vulnerabil deoarece inechit\u0103\u021bile financiare de-a lungul vie\u021bii, \u00een mare parte vorbim despre diferen\u021bele de salarii \u00eentre femei \u0219i b\u0103rba\u021bi, afecteaz\u0103 \u00een mod direct diferen\u021bele de gen \u00een ceea ce prive\u0219te pensile\u201d, a men\u021bionat Alexandra Ermolenco.<\/div>\n<\/div>\n<div class=\"cxmmr5t8 oygrvhab hcukyx3x c1et5uql o9v6fnle ii04i59q\">\n<div dir=\"auto\">Nici \u00een mediul de afaceri situa\u021bia nu e una mai bun\u0103. Femeile continu\u0103 s\u0103 fie subreprezentate \u00een mediul de afaceri, la fel \u0219i \u00een func\u021bii de conducere, mai arat\u0103 raportul de \u021bar\u0103 \u00een domeniul egalit\u0103\u021bii de gen.<\/div>\n<\/div>\n<div class=\"cxmmr5t8 oygrvhab hcukyx3x c1et5uql o9v6fnle ii04i59q\">\n<div dir=\"auto\"><\/div>\n<\/div>\n","protected":false},"excerpt":{"rendered":"<p>Inegalitatea de gen este considerat\u0103 a fi cauza principal\u0103 a celor mai multe probleme structurale din Republica Moldova. P\u00e2n\u0103 c\u00e2nd nu se vor investi resurse care s\u0103 duc\u0103 la egalitatea \u00eentre femei \u0219i b\u0103rba\u021bi aceste probleme vor continua. Sunt concluziile raportului de \u021bar\u0103 \u00een domeniul egalit\u0103\u021bii de gen realizat de Centrul Parteneriat pentru Dezvoltare. Studiul&#8230;<\/p>\n","protected":false},"author":3,"featured_media":3038,"comment_status":"closed","ping_status":"closed","sticky":false,"template":"","format":"standard","meta":{"footnotes":"","jetpack_publicize_message":"","jetpack_publicize_feature_enabled":true,"jetpack_social_post_already_shared":false,"jetpack_social_options":{"image_generator_settings":{"template":"highway","default_image_id":0,"font":"","enabled":false},"version":2}},"categories":[],"tags":[],"class_list":["post-3037","post","type-post","status-publish","format-standard","has-post-thumbnail","hentry"],"jetpack_publicize_connections":[],"_links":{"self":[{"href":"https:\/\/fnf.md\/index.php\/wp-json\/wp\/v2\/posts\/3037","targetHints":{"allow":["GET"]}}],"collection":[{"href":"https:\/\/fnf.md\/index.php\/wp-json\/wp\/v2\/posts"}],"about":[{"href":"https:\/\/fnf.md\/index.php\/wp-json\/wp\/v2\/types\/post"}],"author":[{"embeddable":true,"href":"https:\/\/fnf.md\/index.php\/wp-json\/wp\/v2\/users\/3"}],"replies":[{"embeddable":true,"href":"https:\/\/fnf.md\/index.php\/wp-json\/wp\/v2\/comments?post=3037"}],"version-history":[{"count":1,"href":"https:\/\/fnf.md\/index.php\/wp-json\/wp\/v2\/posts\/3037\/revisions"}],"predecessor-version":[{"id":3039,"href":"https:\/\/fnf.md\/index.php\/wp-json\/wp\/v2\/posts\/3037\/revisions\/3039"}],"wp:featuredmedia":[{"embeddable":true,"href":"https:\/\/fnf.md\/index.php\/wp-json\/wp\/v2\/media\/3038"}],"wp:attachment":[{"href":"https:\/\/fnf.md\/index.php\/wp-json\/wp\/v2\/media?parent=3037"}],"wp:term":[{"taxonomy":"category","embeddable":true,"href":"https:\/\/fnf.md\/index.php\/wp-json\/wp\/v2\/categories?post=3037"},{"taxonomy":"post_tag","embeddable":true,"href":"https:\/\/fnf.md\/index.php\/wp-json\/wp\/v2\/tags?post=3037"}],"curies":[{"name":"wp","href":"https:\/\/api.w.org\/{rel}","templated":true}]}}