{"id":3043,"date":"2022-06-09T16:57:17","date_gmt":"2022-06-09T13:57:17","guid":{"rendered":"http:\/\/fnfm.md\/?p=3043"},"modified":"2022-06-09T16:57:17","modified_gmt":"2022-06-09T13:57:17","slug":"fnfm-s-a-intrunit-intr-o-noua-sedinta-la-care-a-luat-parte-si-ministrul-agriculturii-viorel-gherciu","status":"publish","type":"post","link":"https:\/\/fnf.md\/index.php\/2022\/06\/09\/fnfm-s-a-intrunit-intr-o-noua-sedinta-la-care-a-luat-parte-si-ministrul-agriculturii-viorel-gherciu\/","title":{"rendered":"FNFM S-A \u00ceNTRUNIT \u00ceNTR-O NOU\u0102 \u0218EDIN\u021a\u0102 LA CARE A LUAT PARTE SI MINISTRUL AGRICULTURII, VIOREL GHERCIU"},"content":{"rendered":"<div class=\"kvgmc6g5 cxmmr5t8 oygrvhab hcukyx3x c1et5uql ii04i59q\">\n<div dir=\"auto\"><span class=\"pq6dq46d tbxw36s4 knj5qynh kvgmc6g5 ditlmg2l oygrvhab nvdbi5me sf5mxxl7 gl3lb2sf hhz5lgdu\"><img loading=\"lazy\" decoding=\"async\" src=\"https:\/\/static.xx.fbcdn.net\/images\/emoji.php\/v9\/t25\/1.5\/16\/1f4dd.png\" alt=\"\ud83d\udcdd\" width=\"16\" height=\"16\" \/><\/span>Ast\u0103zi, 9 iunie la sediul central al FNFM, Chi\u0219in\u0103u a avut loc \u0218edin\u021ba Consiliului de Administrare al FNFM cu participarea Ministrului Agriculturii \u0219i Industriei Alimentare, domnul Viorel Gherciu, a membrilor Consiliului de Administra\u021bie al FNFM \u0219i desigur stafful Central. Pe ordinea de zi s-au reg\u0103sit urm\u0103toarele subiecte:<\/div>\n<\/div>\n<p><!--more--><\/p>\n<div class=\"cxmmr5t8 oygrvhab hcukyx3x c1et5uql o9v6fnle ii04i59q\">\n<div dir=\"auto\"><span class=\"pq6dq46d tbxw36s4 knj5qynh kvgmc6g5 ditlmg2l oygrvhab nvdbi5me sf5mxxl7 gl3lb2sf hhz5lgdu\"><img loading=\"lazy\" decoding=\"async\" src=\"https:\/\/static.xx.fbcdn.net\/images\/emoji.php\/v9\/tc\/1.5\/16\/1f517.png\" alt=\"\ud83d\udd17\" width=\"16\" height=\"16\" \/><\/span>Planul de activit\u0103\u021bi al CA al FNFM pe perioada anului 2022;<\/div>\n<div dir=\"auto\"><span class=\"pq6dq46d tbxw36s4 knj5qynh kvgmc6g5 ditlmg2l oygrvhab nvdbi5me sf5mxxl7 gl3lb2sf hhz5lgdu\"><img loading=\"lazy\" decoding=\"async\" src=\"https:\/\/static.xx.fbcdn.net\/images\/emoji.php\/v9\/tc\/1.5\/16\/1f517.png\" alt=\"\ud83d\udd17\" width=\"16\" height=\"16\" \/><\/span>Raportul Financiar pe perioada 01.01.2022 \u2013 31.05.2022<\/div>\n<div dir=\"auto\"><span class=\"pq6dq46d tbxw36s4 knj5qynh kvgmc6g5 ditlmg2l oygrvhab nvdbi5me sf5mxxl7 gl3lb2sf hhz5lgdu\"><img loading=\"lazy\" decoding=\"async\" src=\"https:\/\/static.xx.fbcdn.net\/images\/emoji.php\/v9\/tc\/1.5\/16\/1f517.png\" alt=\"\ud83d\udd17\" width=\"16\" height=\"16\" \/><\/span>Politica de subven\u021bionare a agriculturii \u00een anul 2023;<\/div>\n<div dir=\"auto\"><span class=\"pq6dq46d tbxw36s4 knj5qynh kvgmc6g5 ditlmg2l oygrvhab nvdbi5me sf5mxxl7 gl3lb2sf hhz5lgdu\"><img loading=\"lazy\" decoding=\"async\" src=\"https:\/\/static.xx.fbcdn.net\/images\/emoji.php\/v9\/tc\/1.5\/16\/1f517.png\" alt=\"\ud83d\udd17\" width=\"16\" height=\"16\" \/><\/span>Diverse.<\/div>\n<\/div>\n<div class=\"cxmmr5t8 oygrvhab hcukyx3x c1et5uql o9v6fnle ii04i59q\">\n<div dir=\"auto\">\u00cen cadrul \u00eentrunirii, fermierii au avut ocazia s\u0103 \u00eei adreseze Ministrului mai multe \u00eentreb\u0103ri referitoare la situa\u021bia dificil\u0103 din agricultur\u0103, problemele cu care se confrunt\u0103 pentru a identifica solu\u021bii cat mai cur\u00e2nd posibil.<\/div>\n<\/div>\n<div class=\"cxmmr5t8 oygrvhab hcukyx3x c1et5uql o9v6fnle ii04i59q\">\n<div dir=\"auto\">\u00centr-o situa\u021bie grea se afl\u0103 sectorul zootehnic din \u021bara noastr\u0103. Produc\u0103torii de lapte au mare nevoie de subven\u021bii pentru a-\u0219i putea asigura fermele cu cele necesare \u0219i mai ales, cu furaje \u00een acest sens, Ministrul a dat asigur\u0103ri c\u0103 se \u00eentreprind toate m\u0103surile necesare \u0219i se depun eforturi deosebite pentru a-i asigura pe produc\u0103torii de lapte cu cele necesare astfel \u00eenc\u00e2t s\u0103 \u00ee\u0219i dezvolte activitatea dar este nevoie \u0219i de asociere a celor din sectorul zootehnic.<\/div>\n<div dir=\"auto\">(Adresarea solicitarilor FNFM catre Ministerul Agriculturii)<\/div>\n<div dir=\"auto\"><a href=\"http:\/\/https:\/\/drive.google.com\/file\/d\/1XwmBu5XiY3qEka8PWoD3vOqKFgc6D5jD\/view?usp=sharing\">http:\/\/https:\/\/drive.google.com\/file\/d\/1XwmBu5XiY3qEka8PWoD3vOqKFgc6D5jD\/view?usp=sharing<\/a><\/div>\n<div dir=\"auto\"><\/div>\n<\/div>\n<div class=\"cxmmr5t8 oygrvhab hcukyx3x c1et5uql o9v6fnle ii04i59q\">\n<div dir=\"auto\">S-a vorbit \u0219i despre Fondul de subven\u021bionare a agriculturii \u0219i mediului rural care a crescut \u00een acest an p\u00e2n\u0103 la 1,75 de miliarde de lei \u0219i care, potrivit ministrului, noul regulament de subven\u021bionare, aprobat de executiv luni 4 aprilie, faciliteaz\u0103 accesul la sursele fondului \u0219i este ajustat la necesit\u0103\u021bile stringente ale produc\u0103torilor agricoli.<\/div>\n<\/div>\n<div class=\"cxmmr5t8 oygrvhab hcukyx3x c1et5uql o9v6fnle ii04i59q\">\n<div dir=\"auto\">Fermierii socilt\u0103 \u0219i subven\u021bii pentru tinerii fermieri, a celor mici \u0219i a femeilor \u00een agricultur\u0103 \u0219i acesta r\u0103m\u00eene a fi un obiectiv important asupra c\u0103ruia Ministerul va depune eforturile necesare pentru a-l \u00eendeplini.<\/div>\n<\/div>\n<div class=\"cxmmr5t8 oygrvhab hcukyx3x c1et5uql o9v6fnle ii04i59q\">\n<div dir=\"auto\">Referitor la rezervele de gr\u00e2u \u0219i dac\u0103 va fi suficient gr\u00eeu \u00een acest an:<\/div>\n<\/div>\n<div class=\"cxmmr5t8 oygrvhab hcukyx3x c1et5uql o9v6fnle ii04i59q\">\n<div dir=\"auto\">&#8220;Dupa cum cunoasteti, suprafe\u021bele \u00eens\u0103m\u00een\u021bate cu gr\u00e2u sunt mai mici dec\u00e2t media de obicei dar chiar si asa prognoz\u0103m o road\u0103 de circa 900 de mii de tone ceea ce este cu 30% mai mult dec\u00e2t este consumul intern necesar. De asemenea prognozam un surplus din anul trecut care va r\u0103m\u00e2ne la suplinirea acestei cantit\u0103ti si cantitatea preconizat\u0103 total \u021bine de 1milion 100 mii de tone ceea ce ne permite si un export de circa 400 de mii de tone. A precizat Viorel Gherciu.<\/div>\n<div dir=\"auto\"><\/div>\n<\/div>\n<div class=\"cxmmr5t8 oygrvhab hcukyx3x c1et5uql o9v6fnle ii04i59q\">\n<div dir=\"auto\">Cu privire la \u00eengrijor\u0103rile \u00een privin\u021ba crizei alimentare:<\/div>\n<\/div>\n<div class=\"cxmmr5t8 oygrvhab hcukyx3x c1et5uql o9v6fnle ii04i59q\">\n<div dir=\"auto\">&#8220;Am elaborat Strategia de Securitate Alimentar\u0103 a RM care include un \u0219ir de m\u0103suri pentru a fi \u00eentreprinse pentru a monitoriza corect care sunt stocurile necesare ca sa asiguram securitatea alimentara a tarii. De asemenea, inclusiv si monitorizarea preturilor, monitorizarea adaosului comercial la produsele sociale importate&#8221;, a mai reiterat ministrul.<\/div>\n<\/div>\n<div class=\"cxmmr5t8 oygrvhab hcukyx3x c1et5uql o9v6fnle ii04i59q\">\n<div dir=\"auto\">Federa\u021bia Na\u021bional\u0103 a Fermierilor va monitoriza \u0219i \u00een continuare situa\u021bia din domeniul agricol, men\u021bin\u00e2nd o rela\u021bie \u00eendeaproape cu to\u021bi membrii s\u0103i, av\u00e2nd grij\u0103 s\u0103-i informeze cu privire la toate nout\u0103\u021bile sau schimb\u0103rile ce au loc \u00een acest domeniu.<\/div>\n<\/div>\n<div class=\"cxmmr5t8 oygrvhab hcukyx3x c1et5uql o9v6fnle ii04i59q\">\n<div dir=\"auto\">Aducem mul\u021bumiri \u0219i partenerilor no\u0219tri de dezvoltare, <a class=\"oajrlxb2 g5ia77u1 qu0x051f esr5mh6w e9989ue4 r7d6kgcz rq0escxv nhd2j8a9 nc684nl6 p7hjln8o kvgmc6g5 cxmmr5t8 oygrvhab hcukyx3x jb3vyjys rz4wbd8a qt6c0cv9 a8nywdso i1ao9s8h esuyzwwr f1sip0of lzcic4wl gpro0wi8 q66pz984 b1v8xokw\" tabindex=\"0\" role=\"link\" href=\"https:\/\/www.facebook.com\/weeffect?__cft__[0]=AZUBKwNuSeuAOvlcemeUfLvvemgpQC6y2yJmw2KG6MixiJmLBJ0VET1OGz_gJh4oFMY31XNB-XU0oYmkUznla8t44FAyn8-03eyhfHYhlm8amirvAg8U_BqYWDKmNrdqaIQQ7h5acr5UiBwFduadby5V&amp;__tn__=-]K-R\"><span class=\"nc684nl6\">We Effect<\/span><\/a> <a class=\"oajrlxb2 g5ia77u1 qu0x051f esr5mh6w e9989ue4 r7d6kgcz rq0escxv nhd2j8a9 nc684nl6 p7hjln8o kvgmc6g5 cxmmr5t8 oygrvhab hcukyx3x jb3vyjys rz4wbd8a qt6c0cv9 a8nywdso i1ao9s8h esuyzwwr f1sip0of lzcic4wl gpro0wi8 q66pz984 b1v8xokw\" tabindex=\"0\" role=\"link\" href=\"https:\/\/www.facebook.com\/SDCOptimProject\/?__cft__[0]=AZUBKwNuSeuAOvlcemeUfLvvemgpQC6y2yJmw2KG6MixiJmLBJ0VET1OGz_gJh4oFMY31XNB-XU0oYmkUznla8t44FAyn8-03eyhfHYhlm8amirvAg8U_BqYWDKmNrdqaIQQ7h5acr5UiBwFduadby5V&amp;__tn__=kK-R\"><span class=\"nc684nl6\">Optim Project<\/span><\/a><\/div>\n<div dir=\"auto\"><a href=\"http:\/\/fnfm.md\/2022\/06\/fnfm-s-a-intrunit-intr-o-noua-sedinta-la-care-a-luat-parte-si-ministrul-agriculturii-viorel-gherciu\/img_1910\/\" rel=\"attachment wp-att-3045\"><img loading=\"lazy\" decoding=\"async\" class=\"alignright size-medium wp-image-3045\" src=\"http:\/\/fnfm.md\/wp-content\/uploads\/2022\/06\/IMG_1910-225x300.jpg\" alt=\"\" width=\"225\" height=\"300\" srcset=\"https:\/\/fnf.md\/wp-content\/uploads\/2022\/06\/IMG_1910-225x300.jpg 225w, https:\/\/fnf.md\/wp-content\/uploads\/2022\/06\/IMG_1910-768x1024.jpg 768w, https:\/\/fnf.md\/wp-content\/uploads\/2022\/06\/IMG_1910-576x768.jpg 576w, https:\/\/fnf.md\/wp-content\/uploads\/2022\/06\/IMG_1910-1152x1536.jpg 1152w, https:\/\/fnf.md\/wp-content\/uploads\/2022\/06\/IMG_1910-1536x2048.jpg 1536w, https:\/\/fnf.md\/wp-content\/uploads\/2022\/06\/IMG_1910-scaled.jpg 1920w\" sizes=\"auto, (max-width: 225px) 100vw, 225px\" \/><\/a> <a href=\"http:\/\/fnfm.md\/2022\/06\/fnfm-s-a-intrunit-intr-o-noua-sedinta-la-care-a-luat-parte-si-ministrul-agriculturii-viorel-gherciu\/img_1912\/\" rel=\"attachment wp-att-3046\"><img loading=\"lazy\" decoding=\"async\" class=\"alignright size-medium wp-image-3046\" src=\"http:\/\/fnfm.md\/wp-content\/uploads\/2022\/06\/IMG_1912-300x225.jpg\" alt=\"\" width=\"300\" height=\"225\" srcset=\"https:\/\/fnf.md\/wp-content\/uploads\/2022\/06\/IMG_1912-300x225.jpg 300w, https:\/\/fnf.md\/wp-content\/uploads\/2022\/06\/IMG_1912-1024x768.jpg 1024w, https:\/\/fnf.md\/wp-content\/uploads\/2022\/06\/IMG_1912-768x576.jpg 768w, https:\/\/fnf.md\/wp-content\/uploads\/2022\/06\/IMG_1912-1536x1152.jpg 1536w, https:\/\/fnf.md\/wp-content\/uploads\/2022\/06\/IMG_1912-2048x1536.jpg 2048w\" sizes=\"auto, (max-width: 300px) 100vw, 300px\" \/><\/a> <a href=\"http:\/\/fnfm.md\/2022\/06\/fnfm-s-a-intrunit-intr-o-noua-sedinta-la-care-a-luat-parte-si-ministrul-agriculturii-viorel-gherciu\/img_1918\/\" rel=\"attachment wp-att-3047\"><img loading=\"lazy\" decoding=\"async\" class=\"alignright size-medium wp-image-3047\" src=\"http:\/\/fnfm.md\/wp-content\/uploads\/2022\/06\/IMG_1918-225x300.jpg\" alt=\"\" width=\"225\" height=\"300\" srcset=\"https:\/\/fnf.md\/wp-content\/uploads\/2022\/06\/IMG_1918-225x300.jpg 225w, https:\/\/fnf.md\/wp-content\/uploads\/2022\/06\/IMG_1918-768x1024.jpg 768w, https:\/\/fnf.md\/wp-content\/uploads\/2022\/06\/IMG_1918-576x768.jpg 576w, https:\/\/fnf.md\/wp-content\/uploads\/2022\/06\/IMG_1918-1152x1536.jpg 1152w, https:\/\/fnf.md\/wp-content\/uploads\/2022\/06\/IMG_1918-1536x2048.jpg 1536w, https:\/\/fnf.md\/wp-content\/uploads\/2022\/06\/IMG_1918-scaled.jpg 1920w\" sizes=\"auto, (max-width: 225px) 100vw, 225px\" \/><\/a> <a href=\"http:\/\/fnfm.md\/2022\/06\/fnfm-s-a-intrunit-intr-o-noua-sedinta-la-care-a-luat-parte-si-ministrul-agriculturii-viorel-gherciu\/img_1924\/\" rel=\"attachment wp-att-3048\"><img loading=\"lazy\" decoding=\"async\" class=\"alignright size-medium wp-image-3048\" src=\"http:\/\/fnfm.md\/wp-content\/uploads\/2022\/06\/IMG_1924-225x300.jpg\" alt=\"\" width=\"225\" height=\"300\" srcset=\"https:\/\/fnf.md\/wp-content\/uploads\/2022\/06\/IMG_1924-225x300.jpg 225w, https:\/\/fnf.md\/wp-content\/uploads\/2022\/06\/IMG_1924-768x1024.jpg 768w, https:\/\/fnf.md\/wp-content\/uploads\/2022\/06\/IMG_1924-576x768.jpg 576w, https:\/\/fnf.md\/wp-content\/uploads\/2022\/06\/IMG_1924-1152x1536.jpg 1152w, https:\/\/fnf.md\/wp-content\/uploads\/2022\/06\/IMG_1924-1536x2048.jpg 1536w, https:\/\/fnf.md\/wp-content\/uploads\/2022\/06\/IMG_1924-scaled.jpg 1920w\" sizes=\"auto, (max-width: 225px) 100vw, 225px\" \/><\/a> <a href=\"http:\/\/fnfm.md\/2022\/06\/fnfm-s-a-intrunit-intr-o-noua-sedinta-la-care-a-luat-parte-si-ministrul-agriculturii-viorel-gherciu\/img_1937\/\" rel=\"attachment wp-att-3049\"><img loading=\"lazy\" decoding=\"async\" class=\"alignright size-medium wp-image-3049\" src=\"http:\/\/fnfm.md\/wp-content\/uploads\/2022\/06\/IMG_1937-225x300.jpg\" alt=\"\" width=\"225\" height=\"300\" srcset=\"https:\/\/fnf.md\/wp-content\/uploads\/2022\/06\/IMG_1937-225x300.jpg 225w, https:\/\/fnf.md\/wp-content\/uploads\/2022\/06\/IMG_1937-768x1024.jpg 768w, https:\/\/fnf.md\/wp-content\/uploads\/2022\/06\/IMG_1937-576x768.jpg 576w, https:\/\/fnf.md\/wp-content\/uploads\/2022\/06\/IMG_1937-1152x1536.jpg 1152w, https:\/\/fnf.md\/wp-content\/uploads\/2022\/06\/IMG_1937-1536x2048.jpg 1536w, https:\/\/fnf.md\/wp-content\/uploads\/2022\/06\/IMG_1937-scaled.jpg 1920w\" sizes=\"auto, (max-width: 225px) 100vw, 225px\" \/><\/a><\/div>\n<\/div>\n","protected":false},"excerpt":{"rendered":"<p>Ast\u0103zi, 9 iunie la sediul central al FNFM, Chi\u0219in\u0103u a avut loc \u0218edin\u021ba Consiliului de Administrare al FNFM cu participarea Ministrului Agriculturii \u0219i Industriei Alimentare, domnul Viorel Gherciu, a membrilor Consiliului de Administra\u021bie al FNFM \u0219i desigur stafful Central. Pe ordinea de zi s-au reg\u0103sit urm\u0103toarele subiecte:<\/p>\n","protected":false},"author":3,"featured_media":3044,"comment_status":"closed","ping_status":"closed","sticky":false,"template":"","format":"standard","meta":{"footnotes":"","jetpack_publicize_message":"","jetpack_publicize_feature_enabled":true,"jetpack_social_post_already_shared":false,"jetpack_social_options":{"image_generator_settings":{"template":"highway","default_image_id":0,"font":"","enabled":false},"version":2}},"categories":[],"tags":[],"class_list":["post-3043","post","type-post","status-publish","format-standard","has-post-thumbnail","hentry"],"jetpack_publicize_connections":[],"_links":{"self":[{"href":"https:\/\/fnf.md\/index.php\/wp-json\/wp\/v2\/posts\/3043","targetHints":{"allow":["GET"]}}],"collection":[{"href":"https:\/\/fnf.md\/index.php\/wp-json\/wp\/v2\/posts"}],"about":[{"href":"https:\/\/fnf.md\/index.php\/wp-json\/wp\/v2\/types\/post"}],"author":[{"embeddable":true,"href":"https:\/\/fnf.md\/index.php\/wp-json\/wp\/v2\/users\/3"}],"replies":[{"embeddable":true,"href":"https:\/\/fnf.md\/index.php\/wp-json\/wp\/v2\/comments?post=3043"}],"version-history":[{"count":2,"href":"https:\/\/fnf.md\/index.php\/wp-json\/wp\/v2\/posts\/3043\/revisions"}],"predecessor-version":[{"id":3051,"href":"https:\/\/fnf.md\/index.php\/wp-json\/wp\/v2\/posts\/3043\/revisions\/3051"}],"wp:featuredmedia":[{"embeddable":true,"href":"https:\/\/fnf.md\/index.php\/wp-json\/wp\/v2\/media\/3044"}],"wp:attachment":[{"href":"https:\/\/fnf.md\/index.php\/wp-json\/wp\/v2\/media?parent=3043"}],"wp:term":[{"taxonomy":"category","embeddable":true,"href":"https:\/\/fnf.md\/index.php\/wp-json\/wp\/v2\/categories?post=3043"},{"taxonomy":"post_tag","embeddable":true,"href":"https:\/\/fnf.md\/index.php\/wp-json\/wp\/v2\/tags?post=3043"}],"curies":[{"name":"wp","href":"https:\/\/api.w.org\/{rel}","templated":true}]}}