{"id":3053,"date":"2022-06-10T15:13:51","date_gmt":"2022-06-10T12:13:51","guid":{"rendered":"http:\/\/fnfm.md\/?p=3053"},"modified":"2022-06-10T15:13:51","modified_gmt":"2022-06-10T12:13:51","slug":"vasile-mirzenco-va-participa-la-gala-femeilor-din-moldova-prima-gala-de-acest-gen-din-republica-moldova","status":"publish","type":"post","link":"https:\/\/fnf.md\/index.php\/2022\/06\/10\/vasile-mirzenco-va-participa-la-gala-femeilor-din-moldova-prima-gala-de-acest-gen-din-republica-moldova\/","title":{"rendered":"VASILE M\u00ceRZENCO VA PARTICIPA LA GALA FEMEILOR DIN MOLDOVA! PRIMA GAL\u0102 DE ACEST GEN DIN REPUBLICA MOLDOVA!"},"content":{"rendered":"<div class=\"kvgmc6g5 cxmmr5t8 oygrvhab hcukyx3x c1et5uql ii04i59q\">\n<div dir=\"auto\">Vasile MIRZENCO, Director Executiv, Federa\u021bia Na\u021bional\u0103 a Fermierilor din Moldova, participa la GALA FEMEILOR IN AGRICULTURA MOLDOVEI, \u00een 16 iunie 2022, la Digital Park \u00een Chi\u0219in\u0103u, de la 9.30.<\/div>\n<\/div>\n<div class=\"cxmmr5t8 oygrvhab hcukyx3x c1et5uql o9v6fnle ii04i59q\">\n<div dir=\"auto\">PRIAevents, av\u00e2nd ca parteneri principali pe FinComBank, Kaufland Moldova, Smart Credit \u0219i FNF, v\u0103 invit\u0103 s\u0103 lua\u021bi parte la Gala Femeilor \u00een Agricultur\u0103 \u00een data de 16 iunie 2022, \u00eencep\u00e2nd cu ora 9:30!<\/div>\n<\/div>\n<div class=\"cxmmr5t8 oygrvhab hcukyx3x c1et5uql o9v6fnle ii04i59q\">\n<div dir=\"auto\">Pentru prima dat\u0103, \u00een Republica Moldova, se organizeaz\u0103 Gala Femeilor \u00een Agricultura Moldovei! Suntem onora\u021bi c\u0103 PRIAevents este prima \u0219i singura care organizeaz\u0103 acest eveniment \u00een Moldova!<\/div>\n<\/div>\n<p><!--more--><\/p>\n<div class=\"cxmmr5t8 oygrvhab hcukyx3x c1et5uql o9v6fnle ii04i59q\">\n<div dir=\"auto\">Suntem onorati ca Dl. Vasile MIRZENCO, Director Executiv, Federa\u021bia Na\u021bional\u0103 a Fermierilor din Moldova, participa la GALA FEMEILOR IN AGRICULTURA MOLDOVEI, \u00een 16 iunie 2022, la Digital Park \u00een Chi\u0219in\u0103u, de la 9,30.<\/div>\n<div dir=\"auto\"><\/div>\n<\/div>\n<div class=\"cxmmr5t8 oygrvhab hcukyx3x c1et5uql o9v6fnle ii04i59q\">\n<div dir=\"auto\">Este un eveniment unic, care mai ales in acest an, \u00een premier\u0103, este conceput pentru a celebra \u0219i aplauda realiz\u0103rile remarcabile ale acelor femei care aduc o contribu\u021bie semnificativ\u0103 la agricultura din Republica Moldova, care sunt exemple de urmat.<\/div>\n<\/div>\n<div class=\"cxmmr5t8 oygrvhab hcukyx3x c1et5uql o9v6fnle ii04i59q\">\n<div dir=\"auto\">Astfel, vom organiza unul dintre cele mai importante \u0219i mai inedite evenimente destinate agriculturii \u0219i cre\u0219terii acesteia, dar si dezvolt\u0103rii afacerilor femeilor din Republica Moldova \u00een agricultur\u0103 \u0219i domenii conexe din acest an.<\/div>\n<div dir=\"auto\"><\/div>\n<div dir=\"auto\">Totodat\u0103, intr-un panel \u00eenaintea ceremoniei de decernare a premiilor Galei Femeilor din Agricultura, dezbatem al\u0103turi de fermieri, autorit\u0103\u021bi \u0219i companii conexe temele cele mai importante, g\u0103sim cele mai bune solu\u021bii pentru aceste momente de \u00eencercare, dar descoperim \u0219i oportunit\u0103\u021bile pe care le pot avea.<\/div>\n<div dir=\"auto\"><\/div>\n<\/div>\n<div class=\"cxmmr5t8 oygrvhab hcukyx3x c1et5uql o9v6fnle ii04i59q\">\n<div dir=\"auto\">PRIA GALA FEMEILOR \u00cen AGRICULTUR\u0102 va avea loc la \u00eentr-o loca\u021bie deosebit\u0103 \u00een centrul Chi\u0219in\u0103ului \u0219i v\u0103 invit\u0103m s\u0103 participa\u021bi. Veti gasi detalii complete pe <a class=\"oajrlxb2 g5ia77u1 qu0x051f esr5mh6w e9989ue4 r7d6kgcz rq0escxv nhd2j8a9 nc684nl6 p7hjln8o kvgmc6g5 cxmmr5t8 oygrvhab hcukyx3x jb3vyjys rz4wbd8a qt6c0cv9 a8nywdso i1ao9s8h esuyzwwr f1sip0of lzcic4wl gpro0wi8 py34i1dx\" tabindex=\"0\" role=\"link\" href=\"https:\/\/l.facebook.com\/l.php?u=http%3A%2F%2Fwww.priaevents.ro%2F%3Ffbclid%3DIwAR3z683I6RqNVgcINMHxkxOhWDskXp8gmSIbKnGk1lYsyWD3DZvxPrHErUU&amp;h=AT3HDJSlrz_xyqZvPIVJzVkXizs-1wW0w_8Xjo6UP8W5qUehkI18aqosJE05qWzSd3vh27QXOHg7l97qsaVor4Oao-6hSHHD1nbGrZ1SQ-vt1RLprKLX9vPICOSIYxPnjJYl&amp;__tn__=-UK-R&amp;c[0]=AT1VG1eGjI9MnwC8HCRFe3Y23U-aoohn5VjncJb2q1stX4DNmGXZIB-JX89zu55BFln9kel_K7uDsuih2zcn7HU6HaSEjEt-OqoDF4Jh3UJ7eUjsErWlTpFUt0U2E2mqs6wDfMY1Y3orIGa8FZGKk7B4mw\" target=\"_blank\" rel=\"nofollow noopener noreferrer\">www.priaevents.ro<\/a>, iar pentru confirmare va rugam sa trimiteti un email la raluca.voivozeanu@priaevents.ro.<\/div>\n<\/div>\n<div class=\"cxmmr5t8 oygrvhab hcukyx3x c1et5uql o9v6fnle ii04i59q\">\n<div dir=\"auto\">Agricultura este vital\u0103 pentru \u00eentreaga lume. Republica Moldova acord\u0103 o aten\u021bie deosebit\u0103 acestui sector, cel mai important al economiei sale.<\/div>\n<div dir=\"auto\"><\/div>\n<\/div>\n<div class=\"cxmmr5t8 oygrvhab hcukyx3x c1et5uql o9v6fnle ii04i59q\">\n<div dir=\"auto\">Fermierii au unul dintre cele mai importante roluri pentru omenire \u0219i pentru economie.<\/div>\n<\/div>\n<div class=\"cxmmr5t8 oygrvhab hcukyx3x c1et5uql o9v6fnle ii04i59q\">\n<div dir=\"auto\">De aceea, vom r\u0103spunde la \u00eentreb\u0103rile: Cum \u00eel putem cre\u0219te? Cum putem ajuta femeile fermier ? Care sunt pove\u0219tile lor de succes? Cu ce provoc\u0103ri se confrunt\u0103 \u00een aceast\u0103 perioad\u0103 femeile \u00een agricultur\u0103? Ce oportunit\u0103\u021bi \u00ee\u0219i pot crea? Cum pot exporta din Republica Moldova spre Rom\u00e2nia sau spre alte \u021b\u0103ri Europene? Cum putem digitaliza agricultura?<\/div>\n<div dir=\"auto\"><\/div>\n<\/div>\n<div class=\"cxmmr5t8 oygrvhab hcukyx3x c1et5uql o9v6fnle ii04i59q\">\n<div dir=\"auto\"><span class=\"pq6dq46d tbxw36s4 knj5qynh kvgmc6g5 ditlmg2l oygrvhab nvdbi5me sf5mxxl7 gl3lb2sf hhz5lgdu\"><img loading=\"lazy\" decoding=\"async\" src=\"https:\/\/static.xx.fbcdn.net\/images\/emoji.php\/v9\/t25\/1.5\/16\/1f4dd.png\" alt=\"\ud83d\udcdd\" width=\"16\" height=\"16\" \/><\/span>AGENDA<\/div>\n<\/div>\n<div class=\"cxmmr5t8 oygrvhab hcukyx3x c1et5uql o9v6fnle ii04i59q\">\n<div dir=\"auto\">09.30-10.00 \u2013 \u00cenregistrarea participan\u021bilor<\/div>\n<\/div>\n<div class=\"cxmmr5t8 oygrvhab hcukyx3x c1et5uql o9v6fnle ii04i59q\">\n<div dir=\"auto\">10.00 \u2013 11.45 \u2013 Panel de dezbatere teme importante pentru agricultura Moldovei<\/div>\n<\/div>\n<div class=\"cxmmr5t8 oygrvhab hcukyx3x c1et5uql o9v6fnle ii04i59q\">\n<div dir=\"auto\">Temele pe care le vom aborda: -Care este rolul statului si al organiza\u021biilor sale pentru companiile din agricultur\u0103 \u2013 ferme, procesatori si produc\u0103tori?<\/div>\n<div dir=\"auto\">-Care este bilan\u021bul pentru 2021? Cum prevedem c\u0103 va fi anul agricol 2022?<\/div>\n<div dir=\"auto\">-Cum ne putem preg\u0103ti din timp ca sa fie un 2022 cu mai multe rezultate?<\/div>\n<div dir=\"auto\">-Agricultura de precizie \u2013 folosirea tehnologiei pentru a eficientiza costurile \u00een procesul de produc\u021bie agricol\u0103<\/div>\n<div dir=\"auto\">-Agricultura bio. Se poate dezvolta mai repede?<\/div>\n<div dir=\"auto\">-Ce domenii aleg doamnele din agricultur\u0103?<\/div>\n<div dir=\"auto\">-Ce sfaturi au pentru tinerelele care acum \u00ee\u0219i aleg cariera sau \u00ee\u0219i \u00eencep o afacere?<\/div>\n<div dir=\"auto\">-Cum sus\u021bin retailerii femeile \u00een agricultur\u0103?<\/div>\n<div dir=\"auto\">-Ce provoc\u0103ri \u0219i ce oportunit\u0103\u021bi sunt pentru femeile din agricultur\u0103 \u00een aceast\u0103 perioad\u0103?<\/div>\n<div dir=\"auto\">-Fondurile europene sau alte modalit\u0103\u021bi de finan\u021bare pentru femeile fermier<\/div>\n<div dir=\"auto\">-Ce spun consultan\u021bii si avoca\u021bii? Cum pot ajuta prin expertiza lor?<\/div>\n<div dir=\"auto\">-Cum sunt finan\u021bate doamnele din agricultura care sunt la \u00eenceput de drum, micro \u0219i mijlocii, dar \u00eentreprinderile mari?<\/div>\n<div dir=\"auto\">-Cum se face preg\u0103tirea for\u021bei de munca \u00een acest domeniu?<\/div>\n<div dir=\"auto\">-Rolul asocia\u021biilor pentru femeile \u00een agricultura<\/div>\n<div dir=\"auto\">-Cu ce provoc\u0103ri se confrunt\u0103 femeile din agricultur\u0103?<\/div>\n<div dir=\"auto\">De ce au nevoie pentru a\u0219i cre\u0219te afacerile?<\/div>\n<div dir=\"auto\">-Care sunt pove\u0219tile lor de succes? Cum au \u00eenv\u0103\u021bat s\u0103 fac\u0103 business \u0219i cum ne pot \u00eemp\u0103rt\u0103\u0219i din experien\u021ba lor?<\/div>\n<div dir=\"auto\">-Care este rolul cercet\u0103rii? Dar al institu\u021biilor de \u00eenv\u0103\u021b\u0103m\u00e2nt?<\/div>\n<\/div>\n<div class=\"cxmmr5t8 oygrvhab hcukyx3x c1et5uql o9v6fnle ii04i59q\">\n<div dir=\"auto\">11,45- 12,30: Ceremonia PRIA GALA FEMEILOR ON AGRICULTURA MOLDOVEI<\/div>\n<div dir=\"auto\"><\/div>\n<\/div>\n<div class=\"cxmmr5t8 oygrvhab hcukyx3x c1et5uql o9v6fnle ii04i59q\">\n<div dir=\"auto\">Pria Gala Femeilor \u00een Agricultura din Republica Moldova reune\u0219te comunitatea agricol\u0103 moldovean\u0103 \u00eentr-o ceremonie extrem de prestigioas\u0103 transmisa \u00een direct dintr-o loca\u021bie de top din Chi\u0219in\u0103u. De aceast\u0103 dat\u0103, \u00een lumina reflectoarelor se vor afla doamnele care activeaz\u0103 \u00een agricultur\u0103 \u0219i domenii conexe. Premiile recunosc \u0219i recompenseaz\u0103 excelen\u021ba, \u00eencurajeaz\u0103 inovarea \u0219i creeaz\u0103 un mediu de lucru care inspir\u0103 creativitatea \u0219i schimbul de bune practici. Apreciem, de asemenea, crearea locurilor de munc\u0103, implicarea \u00een comunitate, tinerele fermiere, femeile din agricultur\u0103. Pentru c\u00e2\u0219tig\u0103toare, primirea unui astfel de premiu, mai ales \u00een aceasta perioad\u0103, c\u00e2nd activitatea fermierilor este una de importan\u021b\u0103 crucial\u0103, este un moment foarte special. Pria Gala Femeilor \u00een Agricultura din Republica Moldova este un eveniment major pentru agricultur\u0103 \u0219i o s\u0103rb\u0103toare a tot ceea ce este minunat \u00een agricultura moldovean\u0103. Este prima gal\u0103 destinat\u0103 doamnelor din agricultura Moldovei!<\/div>\n<div dir=\"auto\"><\/div>\n<\/div>\n<div class=\"cxmmr5t8 oygrvhab hcukyx3x c1et5uql o9v6fnle ii04i59q\">\n<div dir=\"auto\">Cu o experien\u0163\u0103 de peste 12 ani \u00een organizarea evenimentelor premium, echipa PRIAevents este recunoscut\u0103 pentru organizarea evenimentelor bine documentate din cele mai reprezentative sectoare ale economiei \u00een Rom\u00e2nia, Moldova \u0219i Bulgaria.<\/div>\n<\/div>\n<div class=\"cxmmr5t8 oygrvhab hcukyx3x c1et5uql o9v6fnle ii04i59q\">\n<div dir=\"auto\">Ve\u021bi avea ocazia s\u0103 \u00eent\u00e2lni\u021bi cei mai importan\u021bi lectori din domeniu, dar \u0219i s\u0103 face\u021bi schimb de opinii \u0219i experien\u021b\u0103 cu participan\u021bii preocupa\u021bi de acele\u0219i subiecte ca voi. Exemplele, studiile de caz \u0219i nout\u0103\u021bile vor fi adev\u0103rate surse de \u00eenv\u0103\u021bare \u0219i dezvoltare pentru activitatea pe care o desf\u0103sura\u021bi.<\/div>\n<\/div>\n<div dir=\"auto\">Accesa\u021bi \u0219i website-ul evenimentului:<\/p>\n<blockquote class=\"wp-embedded-content\" data-secret=\"3v7PqayreB\"><p><a href=\"https:\/\/priaevents.ro\/gala-femeilor-in-agricultura-republica-molodva-16-iunie-2022\/\">GALA FEMEILOR \u00ceN AGRICULTUR\u0102-REPUBLICA MOLODVA-16 IUNIE 2022<\/a><\/p><\/blockquote>\n<p><iframe loading=\"lazy\" class=\"wp-embedded-content\" sandbox=\"allow-scripts\" security=\"restricted\" style=\"position: absolute; visibility: hidden;\" title=\"&#8222;GALA FEMEILOR \u00ceN AGRICULTUR\u0102-REPUBLICA MOLODVA-16 IUNIE 2022&#8221; &#8211; Pria Events\" src=\"https:\/\/priaevents.ro\/gala-femeilor-in-agricultura-republica-molodva-16-iunie-2022\/embed\/#?secret=R6I0r9zocL#?secret=3v7PqayreB\" data-secret=\"3v7PqayreB\" width=\"600\" height=\"338\" frameborder=\"0\" marginwidth=\"0\" marginheight=\"0\" scrolling=\"no\"><\/iframe><\/p>\n<p><a href=\"http:\/\/priaevents.ro\/inregistrare-pria-gala-femeilor-in-agricultura-la-digital-park-chisinau-16-iunie-2022\/?fbclid=IwAR2zSceb5RjPMkIKZlKBWKAbK7EPy7cSkECVSSxG7i4QnfDb-NVFW07fmhE\">http:\/\/priaevents.ro\/inregistrare-pria-gala-femeilor-in-agricultura-la-digital-park-chisinau-16-iunie-2022\/?fbclid=IwAR2zSceb5RjPMkIKZlKBWKAbK7EPy7cSkECVSSxG7i4QnfDb-NVFW07fmhE<\/a><\/p>\n<\/div>\n","protected":false},"excerpt":{"rendered":"<p>Vasile MIRZENCO, Director Executiv, Federa\u021bia Na\u021bional\u0103 a Fermierilor din Moldova, participa la GALA FEMEILOR IN AGRICULTURA MOLDOVEI, \u00een 16 iunie 2022, la Digital Park \u00een Chi\u0219in\u0103u, de la 9.30. PRIAevents, av\u00e2nd ca parteneri principali pe FinComBank, Kaufland Moldova, Smart Credit \u0219i FNF, v\u0103 invit\u0103 s\u0103 lua\u021bi parte la Gala Femeilor \u00een Agricultur\u0103 \u00een data de&#8230;<\/p>\n","protected":false},"author":3,"featured_media":3054,"comment_status":"closed","ping_status":"closed","sticky":false,"template":"","format":"standard","meta":{"footnotes":"","jetpack_publicize_message":"","jetpack_publicize_feature_enabled":true,"jetpack_social_post_already_shared":false,"jetpack_social_options":{"image_generator_settings":{"template":"highway","default_image_id":0,"font":"","enabled":false},"version":2}},"categories":[],"tags":[],"class_list":["post-3053","post","type-post","status-publish","format-standard","has-post-thumbnail","hentry"],"jetpack_publicize_connections":[],"_links":{"self":[{"href":"https:\/\/fnf.md\/index.php\/wp-json\/wp\/v2\/posts\/3053","targetHints":{"allow":["GET"]}}],"collection":[{"href":"https:\/\/fnf.md\/index.php\/wp-json\/wp\/v2\/posts"}],"about":[{"href":"https:\/\/fnf.md\/index.php\/wp-json\/wp\/v2\/types\/post"}],"author":[{"embeddable":true,"href":"https:\/\/fnf.md\/index.php\/wp-json\/wp\/v2\/users\/3"}],"replies":[{"embeddable":true,"href":"https:\/\/fnf.md\/index.php\/wp-json\/wp\/v2\/comments?post=3053"}],"version-history":[{"count":1,"href":"https:\/\/fnf.md\/index.php\/wp-json\/wp\/v2\/posts\/3053\/revisions"}],"predecessor-version":[{"id":3055,"href":"https:\/\/fnf.md\/index.php\/wp-json\/wp\/v2\/posts\/3053\/revisions\/3055"}],"wp:featuredmedia":[{"embeddable":true,"href":"https:\/\/fnf.md\/index.php\/wp-json\/wp\/v2\/media\/3054"}],"wp:attachment":[{"href":"https:\/\/fnf.md\/index.php\/wp-json\/wp\/v2\/media?parent=3053"}],"wp:term":[{"taxonomy":"category","embeddable":true,"href":"https:\/\/fnf.md\/index.php\/wp-json\/wp\/v2\/categories?post=3053"},{"taxonomy":"post_tag","embeddable":true,"href":"https:\/\/fnf.md\/index.php\/wp-json\/wp\/v2\/tags?post=3053"}],"curies":[{"name":"wp","href":"https:\/\/api.w.org\/{rel}","templated":true}]}}