{"id":3073,"date":"2022-06-17T14:09:41","date_gmt":"2022-06-17T11:09:41","guid":{"rendered":"http:\/\/fnfm.md\/?p=3073"},"modified":"2022-06-17T14:09:41","modified_gmt":"2022-06-17T11:09:41","slug":"gala-femeilor-in-agricultura-un-eveniment-de-exceptie-organizat-in-premiera-in-republica-moldova%e2%9d%97%ef%b8%8f","status":"publish","type":"post","link":"https:\/\/fnf.md\/index.php\/2022\/06\/17\/gala-femeilor-in-agricultura-un-eveniment-de-exceptie-organizat-in-premiera-in-republica-moldova%e2%9d%97%ef%b8%8f\/","title":{"rendered":"GALA Femeilor \u00een Agricultur\u0103, un eveniment de excep\u021bie, organizat in premier\u0103 in Republica Moldova\u2757\ufe0f"},"content":{"rendered":"<div class=\"cxmmr5t8 oygrvhab hcukyx3x c1et5uql o9v6fnle ii04i59q\">\n<div dir=\"auto\">Evenimentul are drept scop aprecierea eforturilor doamnelor care zi de zi investesc timp, resurse financiare, cuno\u0219tin\u021be \u0219i evident, mult\u0103 munca in ceea ce fac pentru dezvoltarea agriculturii in \u021bara noastr\u0103.<\/div>\n<\/div>\n<p><!--more--><\/p>\n<div class=\"cxmmr5t8 oygrvhab hcukyx3x c1et5uql o9v6fnle ii04i59q\">\n<div dir=\"auto\">Aflat la eveniment, ministrul Viorel Gherciu a vorbit despre implicarea tot mai activa a doamnelor in domeniul agricol \u0219i a transmis un mesaj de considera\u021bie \u0219i recunoa\u0219tere a capacit\u0103\u021bilor profesionale ale femeilor care au ales agricultura.<\/div>\n<\/div>\n<div class=\"cxmmr5t8 oygrvhab hcukyx3x c1et5uql o9v6fnle ii04i59q\">\n<div dir=\"auto\">\u201c \u00cen pofida faptului c\u0103 ne afl\u0103m \u00eentr-o situa\u021bie c\u00e2nd ne confrunt\u0103m cu mai multe probleme \u00een regiune, doamnele reu\u0219esc s\u0103 dezvolte sectorul agricol.<\/div>\n<div dir=\"auto\">Din to\u021bi beneficiarii de subven\u021bii de anul trecut , 18% au fost femei, beneficiind \u00een total de 260 mln lei din bugetul de stat. Aceasta asigur\u0103 modernizarea sectorului agricol, securitatea alimentar\u0103 a \u021b\u0103rii \u0219i diversificarea afcerilor. Sper ca num\u0103rul doamnelor \u00een sectorul agricol s\u0103 \u00eenregistreze o dinamic\u0103 ascendent\u0103. Pentru realizarea acestui deziderat, MAIA \u00eempreun\u0103 cu partenerii de dezvoltare vor coopera intens pentru a crea noi oportunit\u0103\u021bi de dezvoltare\u201d, a men\u021bionat ministrul.<\/div>\n<div dir=\"auto\"><\/div>\n<\/div>\n<div class=\"cxmmr5t8 oygrvhab hcukyx3x c1et5uql o9v6fnle ii04i59q\">\n<div dir=\"auto\">Federa\u021bia Na\u021bionala a Fermierilor a fost \u0219i de aceasta data prezenta la eveniment in calitate de partener. In acest context, directorul FNFM domnul Vasile Mirzenco \u0219i-a exprimat gratitudinea \u0219i mul\u021bumirea pentru aceasta ocazie, men\u021bion\u00e2nd ca evenimentele organizate de <a class=\"oajrlxb2 g5ia77u1 qu0x051f esr5mh6w e9989ue4 r7d6kgcz rq0escxv nhd2j8a9 nc684nl6 p7hjln8o kvgmc6g5 cxmmr5t8 oygrvhab hcukyx3x jb3vyjys rz4wbd8a qt6c0cv9 a8nywdso i1ao9s8h esuyzwwr f1sip0of lzcic4wl gpro0wi8 q66pz984 b1v8xokw\" tabindex=\"0\" role=\"link\" href=\"https:\/\/www.facebook.com\/priaevents.ro\/?__cft__[0]=AZWVldB07fmhOD9xbNK7tHJSnWc6ggZPPyPWfANdUOJE8gsgKZ-ZLZok9SLvgBm3yufj5C_LBrlGnOhkn5NicKtl0l3-7QFjkF40GeajhR9YHcFnJnM2ZJJeNhD-TWByhNT4PDg0y91EBjYAF4cFbev56CgoCSJoOyhaxcpIGwnl3jv60yeH7uAMiRpAz2FRARA&amp;__tn__=kK-R\"><span class=\"nc684nl6\">PRIAevents<\/span><\/a> au tangente cu multe dintre activit\u0103\u021bile Federatiei.<\/div>\n<div dir=\"auto\"><\/div>\n<\/div>\n<div class=\"cxmmr5t8 oygrvhab hcukyx3x c1et5uql o9v6fnle ii04i59q\">\n<div dir=\"auto\">\u201cCu o deosebita stim\u0103 \u0219i respect ma adresez c\u0103tre doamnele care \u00ee\u0219i aduc contribu\u021bia la dezvoltarea agriculturii in \u021bara noastr\u0103. Am remarcat pe parcursul mai multor ani ca acolo unde \u00ee\u0219i desf\u0103\u0219oar\u0103 activitatea o femeie, lucrurile merg bine, exista o mai mare responsabilitate \u0219i implicare. Doresc tuturor doamnelor din agricultura, succese mari dar \u0219i curaj, rezisten\u021ba \u0219i perseverenta! Fiti sigure de toat\u0103 sus\u021binerea \u0219i suportul nostru\u201d.<\/div>\n<div dir=\"auto\"><\/div>\n<\/div>\n<div class=\"cxmmr5t8 oygrvhab hcukyx3x c1et5uql o9v6fnle ii04i59q\">\n<div dir=\"auto\">Ulterior doamnelor le-au fost \u00eenm\u00e2nate premii in semn de \u00eenalt\u0103 pre\u021buire \u0219i recunoa\u0219tere a excelen\u021bei \u0219i a succeselor remarcabile, printre ele reg\u0103sindu-se \u0219i membre active ale FNFM ceea ce ne face cu adev\u0103rat m\u00e2ndri!<\/div>\n<div dir=\"auto\"><\/div>\n<\/div>\n<div class=\"cxmmr5t8 oygrvhab hcukyx3x c1et5uql o9v6fnle ii04i59q\">\n<div dir=\"auto\">Potrivit datelor statistice, \u00een anul 2021 au fost lansate \u0219i gestionate de c\u0103tre femei-fermier 24 de proiecte start-up. Totodat\u0103, peste 55% din totalul proiectelor start-up subven\u021bionate sunt administrate de femei-fermier. Avem peste 800 de femei care administreaz\u0103 afaceri agricole \u0219i peste 750 de femei angajate \u00een agricultur\u0103, cu circa 16% mai pu\u021bin dec\u00e2t b\u0103rba\u021bi.<\/div>\n<div dir=\"auto\"><\/div>\n<\/div>\n<div class=\"cxmmr5t8 oygrvhab hcukyx3x c1et5uql o9v6fnle ii04i59q\">\n<div dir=\"auto\">Mul\u021bumirile noastre <a class=\"oajrlxb2 g5ia77u1 qu0x051f esr5mh6w e9989ue4 r7d6kgcz rq0escxv nhd2j8a9 nc684nl6 p7hjln8o kvgmc6g5 cxmmr5t8 oygrvhab hcukyx3x jb3vyjys rz4wbd8a qt6c0cv9 a8nywdso i1ao9s8h esuyzwwr f1sip0of lzcic4wl gpro0wi8 q66pz984 b1v8xokw\" tabindex=\"0\" role=\"link\" href=\"https:\/\/www.facebook.com\/raluca.voivozeanu.pria?__cft__[0]=AZWVldB07fmhOD9xbNK7tHJSnWc6ggZPPyPWfANdUOJE8gsgKZ-ZLZok9SLvgBm3yufj5C_LBrlGnOhkn5NicKtl0l3-7QFjkF40GeajhR9YHcFnJnM2ZJJeNhD-TWByhNT4PDg0y91EBjYAF4cFbev56CgoCSJoOyhaxcpIGwnl3jv60yeH7uAMiRpAz2FRARA&amp;__tn__=-]K-R\"><span class=\"nc684nl6\">Raluca Voivozeanu<\/span><\/a> \u0219i Pria Events pentru excelenta organizare a unui eveniment cu adev\u0103rat de excep\u021bie!.<\/div>\n<\/div>\n<div dir=\"auto\"><\/div>\n","protected":false},"excerpt":{"rendered":"<p>Evenimentul are drept scop aprecierea eforturilor doamnelor care zi de zi investesc timp, resurse financiare, cuno\u0219tin\u021be \u0219i evident, mult\u0103 munca in ceea ce fac pentru dezvoltarea agriculturii in \u021bara noastr\u0103.<\/p>\n","protected":false},"author":3,"featured_media":3074,"comment_status":"closed","ping_status":"closed","sticky":false,"template":"","format":"standard","meta":{"footnotes":"","jetpack_publicize_message":"","jetpack_publicize_feature_enabled":true,"jetpack_social_post_already_shared":false,"jetpack_social_options":{"image_generator_settings":{"template":"highway","default_image_id":0,"font":"","enabled":false},"version":2}},"categories":[],"tags":[],"class_list":["post-3073","post","type-post","status-publish","format-standard","has-post-thumbnail","hentry"],"jetpack_publicize_connections":[],"_links":{"self":[{"href":"https:\/\/fnf.md\/index.php\/wp-json\/wp\/v2\/posts\/3073","targetHints":{"allow":["GET"]}}],"collection":[{"href":"https:\/\/fnf.md\/index.php\/wp-json\/wp\/v2\/posts"}],"about":[{"href":"https:\/\/fnf.md\/index.php\/wp-json\/wp\/v2\/types\/post"}],"author":[{"embeddable":true,"href":"https:\/\/fnf.md\/index.php\/wp-json\/wp\/v2\/users\/3"}],"replies":[{"embeddable":true,"href":"https:\/\/fnf.md\/index.php\/wp-json\/wp\/v2\/comments?post=3073"}],"version-history":[{"count":1,"href":"https:\/\/fnf.md\/index.php\/wp-json\/wp\/v2\/posts\/3073\/revisions"}],"predecessor-version":[{"id":3086,"href":"https:\/\/fnf.md\/index.php\/wp-json\/wp\/v2\/posts\/3073\/revisions\/3086"}],"wp:featuredmedia":[{"embeddable":true,"href":"https:\/\/fnf.md\/index.php\/wp-json\/wp\/v2\/media\/3074"}],"wp:attachment":[{"href":"https:\/\/fnf.md\/index.php\/wp-json\/wp\/v2\/media?parent=3073"}],"wp:term":[{"taxonomy":"category","embeddable":true,"href":"https:\/\/fnf.md\/index.php\/wp-json\/wp\/v2\/categories?post=3073"},{"taxonomy":"post_tag","embeddable":true,"href":"https:\/\/fnf.md\/index.php\/wp-json\/wp\/v2\/tags?post=3073"}],"curies":[{"name":"wp","href":"https:\/\/api.w.org\/{rel}","templated":true}]}}