{"id":3092,"date":"2022-06-30T11:17:27","date_gmt":"2022-06-30T08:17:27","guid":{"rendered":"http:\/\/fnfm.md\/?p=3092"},"modified":"2022-06-30T11:17:27","modified_gmt":"2022-06-30T08:17:27","slug":"forta-de-munca-in-agricultura-masuri-necesare-de-intreprins","status":"publish","type":"post","link":"https:\/\/fnf.md\/index.php\/2022\/06\/30\/forta-de-munca-in-agricultura-masuri-necesare-de-intreprins\/","title":{"rendered":"FOR\u021aA DE MUNC\u0102 \u00ceN AGRICULTUR\u0102 &#8211; M\u0102SURI NECESARE DE \u00ceNTREPRINS"},"content":{"rendered":"<div class=\"cxmmr5t8 oygrvhab hcukyx3x c1et5uql o9v6fnle ii04i59q\">\n<div dir=\"auto\">Cet\u0103\u021benii \u0219i politicienii no\u0219tri sunt \u00een prezent mai mult ca niciodat\u0103 motiva\u021bi s\u0103 reformeze cu adev\u0103rat sectorul agricol din \u021bara noastr\u0103. Chiar dac\u0103 avem \u00een jurul nostru o sumedenie de crize, dar poten\u021bialul de cre\u0219tere a agriculturii din \u021bara noastr\u0103 \u00een mod surprinz\u0103tor r\u0103m\u00e2ne a fi unul uria\u0219.<\/div>\n<\/div>\n<p><!--more--><\/p>\n<div class=\"cxmmr5t8 oygrvhab hcukyx3x c1et5uql o9v6fnle ii04i59q\">\n<div dir=\"auto\">Se poate observa \u00eens\u0103 cum la noi \u00een \u021bar\u0103 exist\u0103 deja o lips\u0103 acut\u0103 de lucr\u0103tori \u00een agricultur\u0103, iar din cauza acestui fapt tot mai pu\u021bini salaria\u021bi sunt \u00eencadra\u021bi \u00een c\u00e2mpul muncii \u0219i respectiv \u00eentre\u021bin tot mai mul\u021bi pensionari.<\/div>\n<\/div>\n<div class=\"cxmmr5t8 oygrvhab hcukyx3x c1et5uql o9v6fnle ii04i59q\">\n<div dir=\"auto\">Ca s\u0103 devin\u0103 fermierii no\u0219tri mai bine preg\u0103ti\u021bi la deficitul for\u021bei de munc\u0103, este nevoie ca ace\u0219tia s\u0103 implementeze cele mai bune practici agricole ce ulterior vor deveni standarde \u00een viitor.<\/div>\n<div dir=\"auto\"><\/div>\n<\/div>\n<div class=\"cxmmr5t8 oygrvhab hcukyx3x c1et5uql o9v6fnle ii04i59q\">\n<div dir=\"auto\"><span class=\"pq6dq46d tbxw36s4 knj5qynh kvgmc6g5 ditlmg2l oygrvhab nvdbi5me sf5mxxl7 gl3lb2sf hhz5lgdu\"><img loading=\"lazy\" decoding=\"async\" src=\"https:\/\/static.xx.fbcdn.net\/images\/emoji.php\/v9\/t8b\/1.5\/16\/1f516.png\" alt=\"\ud83d\udd16\" width=\"16\" height=\"16\" \/><\/span>Totodat\u0103, este nevoie de modificat legisla\u021bia na\u021bional\u0103 pentru a spori \u00eencadrarea \u00een c\u00e2mpul muncii a str\u0103inilor ca lucr\u0103tori permanen\u021bi \u0219i\/sau sezonieri \u0219i de simplificat procedura de legalizare a lucr\u0103torilor str\u0103ini care sunt deja \u00eencadra\u021bi \u00een prezent \u00een c\u00e2mpul muncii.<\/div>\n<\/div>\n<div class=\"cxmmr5t8 oygrvhab hcukyx3x c1et5uql o9v6fnle ii04i59q\">\n<div dir=\"auto\">Majoritatea persoanelor de la noi din \u021bar\u0103 \u00eencadrate \u00een lucr\u0103ri agricole sezoniere au o v\u00e2rst\u0103 destul de \u00eenaintat\u0103. \u00cen 2030 sectorul agricol va avea nevoie de 11.196 lucr\u0103tori permanen\u021bi. Rezult\u0103 c\u0103 peste 8 ani de zile sectorul agricol din \u021bara noastr\u0103 va trebui s\u0103:<\/div>\n<\/div>\n<div class=\"cxmmr5t8 oygrvhab hcukyx3x c1et5uql o9v6fnle ii04i59q\">\n<div dir=\"auto\">-angajeze \u00een c\u00e2mpul muncii 127.958 lucr\u0103tori din afara \u021b\u0103rii;<\/div>\n<div dir=\"auto\">-men\u021bin\u0103 structura actual\u0103 de produc\u021bie;<\/div>\n<div dir=\"auto\">-reintroduc\u0103 \u00een circuitul agricol suprafe\u021bele de terenuri agricole care sunt \u00een prezent p\u00e2rloag\u0103 pentru a putea cre\u0219te produc\u021bia de cereale din \u021bar\u0103 destinat\u0103 exportului sau producerii de biogaz sau combustibil;<\/div>\n<div dir=\"auto\">-asigure securitatea alimentar\u0103 a \u021b\u0103rii cu produse lactate prin cre\u0219terea efectivului de animale \u00een sectorul comercial la aprox. 50.000 de vaci de lapte;<\/div>\n<div dir=\"auto\">-asigure capacit\u0103\u021bi de depozitare pentru cel pu\u021bin 2 milioane de tone de cereale.<br \/>\n<a href=\"http:\/\/fnfm.md\/2022\/06\/forta-de-munca-in-agricultura-masuri-necesare-de-intreprins\/291224228_1968071850046899_1944610576712288258_n\/\" rel=\"attachment wp-att-3094\"><img loading=\"lazy\" decoding=\"async\" class=\"alignright size-medium wp-image-3094\" src=\"http:\/\/fnfm.md\/wp-content\/uploads\/2022\/06\/291224228_1968071850046899_1944610576712288258_n-300x105.jpg\" alt=\"\" width=\"300\" height=\"105\" srcset=\"https:\/\/fnf.md\/wp-content\/uploads\/2022\/06\/291224228_1968071850046899_1944610576712288258_n-300x105.jpg 300w, https:\/\/fnf.md\/wp-content\/uploads\/2022\/06\/291224228_1968071850046899_1944610576712288258_n-768x268.jpg 768w, https:\/\/fnf.md\/wp-content\/uploads\/2022\/06\/291224228_1968071850046899_1944610576712288258_n.jpg 1024w\" sizes=\"auto, (max-width: 300px) 100vw, 300px\" \/><\/a> <a href=\"http:\/\/fnfm.md\/2022\/06\/forta-de-munca-in-agricultura-masuri-necesare-de-intreprins\/291279277_1968071866713564_1989523981501284815_n\/\" rel=\"attachment wp-att-3095\"><img loading=\"lazy\" decoding=\"async\" class=\"alignright size-medium wp-image-3095\" src=\"http:\/\/fnfm.md\/wp-content\/uploads\/2022\/06\/291279277_1968071866713564_1989523981501284815_n-300x120.jpg\" alt=\"\" width=\"300\" height=\"120\" srcset=\"https:\/\/fnf.md\/wp-content\/uploads\/2022\/06\/291279277_1968071866713564_1989523981501284815_n-300x120.jpg 300w, https:\/\/fnf.md\/wp-content\/uploads\/2022\/06\/291279277_1968071866713564_1989523981501284815_n-768x306.jpg 768w, https:\/\/fnf.md\/wp-content\/uploads\/2022\/06\/291279277_1968071866713564_1989523981501284815_n.jpg 1024w\" sizes=\"auto, (max-width: 300px) 100vw, 300px\" \/><\/a><\/div>\n<\/div>\n<div class=\"cxmmr5t8 oygrvhab hcukyx3x c1et5uql o9v6fnle ii04i59q\">\n<div dir=\"auto\">Sursa:Agrobiznes.md<\/div>\n<\/div>\n","protected":false},"excerpt":{"rendered":"<p>Cet\u0103\u021benii \u0219i politicienii no\u0219tri sunt \u00een prezent mai mult ca niciodat\u0103 motiva\u021bi s\u0103 reformeze cu adev\u0103rat sectorul agricol din \u021bara noastr\u0103. Chiar dac\u0103 avem \u00een jurul nostru o sumedenie de crize, dar poten\u021bialul de cre\u0219tere a agriculturii din \u021bara noastr\u0103 \u00een mod surprinz\u0103tor r\u0103m\u00e2ne a fi unul uria\u0219.<\/p>\n","protected":false},"author":3,"featured_media":3093,"comment_status":"closed","ping_status":"closed","sticky":false,"template":"","format":"standard","meta":{"footnotes":"","jetpack_publicize_message":"","jetpack_publicize_feature_enabled":true,"jetpack_social_post_already_shared":false,"jetpack_social_options":{"image_generator_settings":{"template":"highway","default_image_id":0,"font":"","enabled":false},"version":2}},"categories":[],"tags":[],"class_list":["post-3092","post","type-post","status-publish","format-standard","has-post-thumbnail","hentry"],"jetpack_publicize_connections":[],"_links":{"self":[{"href":"https:\/\/fnf.md\/index.php\/wp-json\/wp\/v2\/posts\/3092","targetHints":{"allow":["GET"]}}],"collection":[{"href":"https:\/\/fnf.md\/index.php\/wp-json\/wp\/v2\/posts"}],"about":[{"href":"https:\/\/fnf.md\/index.php\/wp-json\/wp\/v2\/types\/post"}],"author":[{"embeddable":true,"href":"https:\/\/fnf.md\/index.php\/wp-json\/wp\/v2\/users\/3"}],"replies":[{"embeddable":true,"href":"https:\/\/fnf.md\/index.php\/wp-json\/wp\/v2\/comments?post=3092"}],"version-history":[{"count":2,"href":"https:\/\/fnf.md\/index.php\/wp-json\/wp\/v2\/posts\/3092\/revisions"}],"predecessor-version":[{"id":3097,"href":"https:\/\/fnf.md\/index.php\/wp-json\/wp\/v2\/posts\/3092\/revisions\/3097"}],"wp:featuredmedia":[{"embeddable":true,"href":"https:\/\/fnf.md\/index.php\/wp-json\/wp\/v2\/media\/3093"}],"wp:attachment":[{"href":"https:\/\/fnf.md\/index.php\/wp-json\/wp\/v2\/media?parent=3092"}],"wp:term":[{"taxonomy":"category","embeddable":true,"href":"https:\/\/fnf.md\/index.php\/wp-json\/wp\/v2\/categories?post=3092"},{"taxonomy":"post_tag","embeddable":true,"href":"https:\/\/fnf.md\/index.php\/wp-json\/wp\/v2\/tags?post=3092"}],"curies":[{"name":"wp","href":"https:\/\/api.w.org\/{rel}","templated":true}]}}