{"id":3103,"date":"2022-06-30T15:16:35","date_gmt":"2022-06-30T12:16:35","guid":{"rendered":"http:\/\/fnfm.md\/?p=3103"},"modified":"2022-06-30T15:16:35","modified_gmt":"2022-06-30T12:16:35","slug":"fnfm-declaratie-oficiala-cu-privire-la-lichidarea-si-comasarea-universitatii-agrare-cu-utm","status":"publish","type":"post","link":"https:\/\/fnf.md\/index.php\/2022\/06\/30\/fnfm-declaratie-oficiala-cu-privire-la-lichidarea-si-comasarea-universitatii-agrare-cu-utm\/","title":{"rendered":"FNFM &#8211; DECLARA\u021aIE OFICIAL\u0102 CU PRIVIRE LA LICHIDAREA \u0218I COMASAREA UNIVERSIT\u0102\u021aII AGRARE CU UTM"},"content":{"rendered":"<div class=\"kvgmc6g5 cxmmr5t8 oygrvhab hcukyx3x c1et5uql ii04i59q\">\n<div dir=\"auto\">Reforma anun\u021bat\u0103 de Ministerul Educa\u021biei, prin care unele universit\u0103\u021bi vor fi asimilate de altele, cum e \u0219i \u00een cazul Universit\u0103\u021bii Agrare, care se propune a fi lichidat\u0103 \u0219i comasat\u0103 cu Universitatea Tehnic\u0103, treze\u0219te nedumeriri.<\/div>\n<\/div>\n<p><!--more--><\/p>\n<div class=\"cxmmr5t8 oygrvhab hcukyx3x c1et5uql o9v6fnle ii04i59q\">\n<div dir=\"auto\">Nu credem c\u0103 aceast\u0103 Reform\u0103 propus\u0103 de c\u0103tre Ministerul Educa\u021biei se va deosebi de altele, \u00eentr-uc\u00e2t, este la vedere faptul c\u0103 Ministerul are o abordare superficial\u0103 care se reduce la ni\u0219te indicatori cantitativi: num\u0103r mic de studen\u021bi, cheltueli mari, etc.<\/div>\n<\/div>\n<div class=\"cxmmr5t8 oygrvhab hcukyx3x c1et5uql o9v6fnle ii04i59q\">\n<div dir=\"auto\">\u00cen concluzie, calific\u0103m aceast\u0103 decizie drept una neg\u00e2ndit\u0103 \u0219i lipsit\u0103 de argumente temeinice.<\/div>\n<\/div>\n<div class=\"cxmmr5t8 oygrvhab hcukyx3x c1et5uql o9v6fnle ii04i59q\">\n<div dir=\"auto\">Federa\u021bia Na\u021bional\u0103 a Fermierilor cheam\u0103 Guvernul Republicii Moldova s\u0103 renun\u021be la acest pas gre\u0219it, din punctul nostru de vedere \u0219i s\u0103 organizeze consult\u0103ri cu organiza\u021biile reprezentative din domeniul agricol cu referire la acest subiect important pentru destinul economiei agrare din \u021bara noastr\u0103.<\/div>\n<div dir=\"auto\"><\/div>\n<\/div>\n<div class=\"cxmmr5t8 oygrvhab hcukyx3x c1et5uql o9v6fnle ii04i59q\">\n<div dir=\"auto\">Cu respect, Federa\u021bia Na\u021bional\u0103 a Fermierilor din Moldova.<\/div>\n<\/div>\n<div class=\"cxmmr5t8 oygrvhab hcukyx3x c1et5uql o9v6fnle ii04i59q\">\n<div dir=\"auto\"><span class=\"pq6dq46d tbxw36s4 knj5qynh kvgmc6g5 ditlmg2l oygrvhab nvdbi5me sf5mxxl7 gl3lb2sf hhz5lgdu\"><img loading=\"lazy\" decoding=\"async\" src=\"https:\/\/static.xx.fbcdn.net\/images\/emoji.php\/v9\/tc\/1.5\/16\/1f517.png\" alt=\"\ud83d\udd17\" width=\"16\" height=\"16\" \/><\/span><span class=\"pq6dq46d tbxw36s4 knj5qynh kvgmc6g5 ditlmg2l oygrvhab nvdbi5me sf5mxxl7 gl3lb2sf hhz5lgdu\"><img loading=\"lazy\" decoding=\"async\" src=\"https:\/\/static.xx.fbcdn.net\/images\/emoji.php\/v9\/t25\/1.5\/16\/1f4dd.png\" alt=\"\ud83d\udcdd\" width=\"16\" height=\"16\" \/><\/span>Link c\u0103tre Declara\u021bia Oficial\u0103 a FNFM:<a href=\"http:\/\/\/drive.google.com\/file\/d\/19zQU-cap7WrfDeQaIqFoJ0muBvOKKFeR\/view?fbclid=IwAR36C4KAF05BEegVx8lkBFWfR5JayZq-GRBkD510Vj2O_hoVN93BBH0gKnI\">http:\/\/\/drive.google.com\/file\/d\/19zQU-cap7WrfDeQaIqFoJ0muBvOKKFeR\/view?fbclid=IwAR36C4KAF05BEegVx8lkBFWfR5JayZq-GRBkD510Vj2O_hoVN93BBH0gKnI<\/a><\/div>\n<\/div>\n","protected":false},"excerpt":{"rendered":"<p>Reforma anun\u021bat\u0103 de Ministerul Educa\u021biei, prin care unele universit\u0103\u021bi vor fi asimilate de altele, cum e \u0219i \u00een cazul Universit\u0103\u021bii Agrare, care se propune a fi lichidat\u0103 \u0219i comasat\u0103 cu Universitatea Tehnic\u0103, treze\u0219te nedumeriri.<\/p>\n","protected":false},"author":3,"featured_media":3104,"comment_status":"closed","ping_status":"closed","sticky":false,"template":"","format":"standard","meta":{"footnotes":"","jetpack_publicize_message":"","jetpack_publicize_feature_enabled":true,"jetpack_social_post_already_shared":false,"jetpack_social_options":{"image_generator_settings":{"template":"highway","default_image_id":0,"font":"","enabled":false},"version":2}},"categories":[],"tags":[],"class_list":["post-3103","post","type-post","status-publish","format-standard","has-post-thumbnail","hentry"],"jetpack_publicize_connections":[],"_links":{"self":[{"href":"https:\/\/fnf.md\/index.php\/wp-json\/wp\/v2\/posts\/3103","targetHints":{"allow":["GET"]}}],"collection":[{"href":"https:\/\/fnf.md\/index.php\/wp-json\/wp\/v2\/posts"}],"about":[{"href":"https:\/\/fnf.md\/index.php\/wp-json\/wp\/v2\/types\/post"}],"author":[{"embeddable":true,"href":"https:\/\/fnf.md\/index.php\/wp-json\/wp\/v2\/users\/3"}],"replies":[{"embeddable":true,"href":"https:\/\/fnf.md\/index.php\/wp-json\/wp\/v2\/comments?post=3103"}],"version-history":[{"count":1,"href":"https:\/\/fnf.md\/index.php\/wp-json\/wp\/v2\/posts\/3103\/revisions"}],"predecessor-version":[{"id":3105,"href":"https:\/\/fnf.md\/index.php\/wp-json\/wp\/v2\/posts\/3103\/revisions\/3105"}],"wp:featuredmedia":[{"embeddable":true,"href":"https:\/\/fnf.md\/index.php\/wp-json\/wp\/v2\/media\/3104"}],"wp:attachment":[{"href":"https:\/\/fnf.md\/index.php\/wp-json\/wp\/v2\/media?parent=3103"}],"wp:term":[{"taxonomy":"category","embeddable":true,"href":"https:\/\/fnf.md\/index.php\/wp-json\/wp\/v2\/categories?post=3103"},{"taxonomy":"post_tag","embeddable":true,"href":"https:\/\/fnf.md\/index.php\/wp-json\/wp\/v2\/tags?post=3103"}],"curies":[{"name":"wp","href":"https:\/\/api.w.org\/{rel}","templated":true}]}}