{"id":3117,"date":"2022-07-04T14:10:13","date_gmt":"2022-07-04T11:10:13","guid":{"rendered":"http:\/\/fnfm.md\/?p=3117"},"modified":"2022-07-04T14:10:13","modified_gmt":"2022-07-04T11:10:13","slug":"interviu-vasile-mirzenco-fermierii-sunt-impotriva-reformarii-universitatii-agrare","status":"publish","type":"post","link":"https:\/\/fnf.md\/index.php\/2022\/07\/04\/interviu-vasile-mirzenco-fermierii-sunt-impotriva-reformarii-universitatii-agrare\/","title":{"rendered":"INTERVIU VASILE M\u00ceRZENCO: &#8220;FERMIERII SUNT \u00ceMPOTRIVA REFORM\u0102RII UNIVERSIT\u0102\u021aII AGRARE &#8220;"},"content":{"rendered":"<div class=\"kvgmc6g5 cxmmr5t8 oygrvhab hcukyx3x c1et5uql ii04i59q\">\n<div dir=\"auto\">Autorit\u0103\u021bile trebuie s\u0103 investeasc\u0103 \u00een sectorul care asigur\u0103 securitatea alimentar\u0103 a \u021b\u0103rii dar nu s\u0103 ini\u021bieze reforme care vor duce la lichidarea Universit\u0103\u021bii Agrare.<\/div>\n<\/div>\n<p><!--more--><\/p>\n<div class=\"cxmmr5t8 oygrvhab hcukyx3x c1et5uql o9v6fnle ii04i59q\">\n<div dir=\"auto\"><span class=\"pq6dq46d tbxw36s4 knj5qynh kvgmc6g5 ditlmg2l oygrvhab nvdbi5me sf5mxxl7 gl3lb2sf hhz5lgdu\"><img loading=\"lazy\" decoding=\"async\" src=\"https:\/\/static.xx.fbcdn.net\/images\/emoji.php\/v9\/t25\/1.5\/16\/1f4dd.png\" alt=\"\ud83d\udcdd\" width=\"16\" height=\"16\" \/><\/span>De aceast\u0103 p\u0103rere sunt reprezentan\u021bii Federa\u021biei Na\u021bionale a Fermierilor, care au emis o declara\u021bie prin care le cer autorit\u0103\u021bilor, inclusiv Ministerului Educa\u021biei \u0219i Agriculturii s\u0103 renun\u021be la aceast\u0103 reform\u0103 \u0219i s\u0103 organizeze consult\u0103ri publice cu reprezentan\u021bii acestui sector pentru a discuta despre destinul, viitoruleconomiei agrare din \u021bara noastr\u0103.<\/div>\n<div dir=\"auto\"><\/div>\n<\/div>\n<div class=\"cxmmr5t8 oygrvhab hcukyx3x c1et5uql o9v6fnle ii04i59q\">\n<div dir=\"auto\">VASILE M\u00ceRZENCO: &#8220;Nu cunosc dac\u0103 este vreo \u021bar\u0103 \u00een lume unde nu sunt universit\u0103\u021bi agrare, fiindc\u0103 p\u00een\u0103 la urm\u0103 securitatea alimentar\u0103 a fiec\u0103rui stat conteaz\u0103 mai mult. O propunere care nu se bazeaz\u0103 pe argumente temeinice&#8221;.<\/div>\n<div dir=\"auto\"><\/div>\n<\/div>\n<div class=\"cxmmr5t8 oygrvhab hcukyx3x c1et5uql o9v6fnle ii04i59q\">\n<div dir=\"auto\">De asemenea, potrivit lui, Universitatea Agrar\u0103 nu poate fi comparat\u0103 cu nicio alt\u0103 institu\u021bie de \u00eenv\u0103\u021b\u0103m\u00e2nt superior din \u021bar\u0103 iar economia agrar\u0103 are nevoie de un pilon principal al unui sistem integrat de studii, cercetare \u0219i extensiune.<\/div>\n<div dir=\"auto\">LINK la \u0219tire, aici:<\/div>\n<\/div>\n<div dir=\"auto\"><a href=\"http:\/\/www.facebook.com\/watch\/?v=1475670669559739\">http:\/\/www.facebook.com\/watch\/?v=1475670669559739<\/a><\/div>\n","protected":false},"excerpt":{"rendered":"<p>Autorit\u0103\u021bile trebuie s\u0103 investeasc\u0103 \u00een sectorul care asigur\u0103 securitatea alimentar\u0103 a \u021b\u0103rii dar nu s\u0103 ini\u021bieze reforme care vor duce la lichidarea Universit\u0103\u021bii Agrare.<\/p>\n","protected":false},"author":3,"featured_media":3118,"comment_status":"closed","ping_status":"closed","sticky":false,"template":"","format":"standard","meta":{"footnotes":"","jetpack_publicize_message":"","jetpack_publicize_feature_enabled":true,"jetpack_social_post_already_shared":false,"jetpack_social_options":{"image_generator_settings":{"template":"highway","default_image_id":0,"font":"","enabled":false},"version":2}},"categories":[],"tags":[],"class_list":["post-3117","post","type-post","status-publish","format-standard","has-post-thumbnail","hentry"],"jetpack_publicize_connections":[],"_links":{"self":[{"href":"https:\/\/fnf.md\/index.php\/wp-json\/wp\/v2\/posts\/3117","targetHints":{"allow":["GET"]}}],"collection":[{"href":"https:\/\/fnf.md\/index.php\/wp-json\/wp\/v2\/posts"}],"about":[{"href":"https:\/\/fnf.md\/index.php\/wp-json\/wp\/v2\/types\/post"}],"author":[{"embeddable":true,"href":"https:\/\/fnf.md\/index.php\/wp-json\/wp\/v2\/users\/3"}],"replies":[{"embeddable":true,"href":"https:\/\/fnf.md\/index.php\/wp-json\/wp\/v2\/comments?post=3117"}],"version-history":[{"count":1,"href":"https:\/\/fnf.md\/index.php\/wp-json\/wp\/v2\/posts\/3117\/revisions"}],"predecessor-version":[{"id":3119,"href":"https:\/\/fnf.md\/index.php\/wp-json\/wp\/v2\/posts\/3117\/revisions\/3119"}],"wp:featuredmedia":[{"embeddable":true,"href":"https:\/\/fnf.md\/index.php\/wp-json\/wp\/v2\/media\/3118"}],"wp:attachment":[{"href":"https:\/\/fnf.md\/index.php\/wp-json\/wp\/v2\/media?parent=3117"}],"wp:term":[{"taxonomy":"category","embeddable":true,"href":"https:\/\/fnf.md\/index.php\/wp-json\/wp\/v2\/categories?post=3117"},{"taxonomy":"post_tag","embeddable":true,"href":"https:\/\/fnf.md\/index.php\/wp-json\/wp\/v2\/tags?post=3117"}],"curies":[{"name":"wp","href":"https:\/\/api.w.org\/{rel}","templated":true}]}}