{"id":3121,"date":"2022-07-06T16:24:08","date_gmt":"2022-07-06T13:24:08","guid":{"rendered":"http:\/\/fnfm.md\/?p=3121"},"modified":"2022-07-06T16:24:08","modified_gmt":"2022-07-06T13:24:08","slug":"sedinta-asociatiilor-de-fermieri-despre-intentia-guvernului-de-a-lichida-universitatea-agrara","status":"publish","type":"post","link":"https:\/\/fnf.md\/index.php\/2022\/07\/06\/sedinta-asociatiilor-de-fermieri-despre-intentia-guvernului-de-a-lichida-universitatea-agrara\/","title":{"rendered":"\u0218EDIN\u021aA ASOCIA\u021aIILOR DE FERMIERI DESPRE INTEN\u021aIA GUVERNULUI DE A LICHIDA UNIVERSITATEA AGRAR\u0102"},"content":{"rendered":"<div class=\"kvgmc6g5 cxmmr5t8 oygrvhab hcukyx3x c1et5uql ii04i59q\">\n<div dir=\"auto\">Ast\u0103zi, 6 iulie, la Institutul Muncii a avut loc \u0218edin\u021ba comun\u0103 a Consiliilor Administrative a Organiza\u021biilor profesionale din domeniul agricol, \u00een cadrul c\u0103reia cei prezen\u021bi \u0219i-au expus pozi\u021bia fa\u021b\u0103 de inten\u021bia Guvernului de a lichida Universitatea Agrar\u0103 din Republica Moldova.<\/div>\n<\/div>\n<p><!--more--><\/p>\n<div class=\"cxmmr5t8 oygrvhab hcukyx3x c1et5uql o9v6fnle ii04i59q\">\n<div dir=\"auto\"><span class=\"pq6dq46d tbxw36s4 knj5qynh kvgmc6g5 ditlmg2l oygrvhab nvdbi5me sf5mxxl7 gl3lb2sf hhz5lgdu\"><img loading=\"lazy\" decoding=\"async\" src=\"https:\/\/static.xx.fbcdn.net\/images\/emoji.php\/v9\/t5\/1.5\/16\/1f4cc.png\" alt=\"\ud83d\udccc\" width=\"16\" height=\"16\" \/><\/span>A\u0219a cum am anun\u021bat \u0219i anterior, Federa\u021bia Na\u021bional\u0103 a Fermierilor \u00ee\u0219i men\u021bine pozi\u021bia de dezacord \u00een legptur\u0103 cu inten\u021bia Guvernului Republicii Moldova de a lichida Universitatea Agrar\u0103 prin comasarea ei cu UTM, \u00een cadrul a\u0219a-numitei reforme a \u00eenv\u0103\u021b\u0103m\u00e2ntului superior din Republica Moldova. Este un pas necugetat \u0219i lipsit de argumente temeinice.<\/div>\n<div dir=\"auto\"><\/div>\n<\/div>\n<div class=\"cxmmr5t8 oygrvhab hcukyx3x c1et5uql o9v6fnle ii04i59q\">\n<div dir=\"auto\">Consiliile Administrative ale organiza\u021biilor profesionale din agricultur\u0103 prezente la \u0219edin\u021ba de ast\u0103zi, \u0219i-au exprimat \u00een unanimitate dezacordul fa\u021b\u0103 de aceast\u0103 inten\u021bie \u0219i \u00eempreun\u0103, cerem Guvernului s\u0103 renun\u021be la aceast\u0103 ini\u021biativ\u0103.<\/div>\n<div dir=\"auto\"><\/div>\n<\/div>\n<div class=\"cxmmr5t8 oygrvhab hcukyx3x c1et5uql o9v6fnle ii04i59q\">\n<div dir=\"auto\">Prin urmare, vom fi prezen\u021bi m\u00e2ine la protestul organizat de Sindicatul Universit\u0103\u021bii Agrare din Moldova \u00een leg\u0103tur\u0103 cu dezacordul fa\u021b\u0103 de reforma propus\u0103 de ministerul Educa\u021biei \u00een sistemul de \u00eenv\u0103\u021b\u0103m\u00e2nt superior, care va avea loc \u00een fa\u021ba sediului Guvernului.<\/div>\n<div dir=\"auto\"><\/div>\n<\/div>\n<div class=\"cxmmr5t8 oygrvhab hcukyx3x c1et5uql o9v6fnle ii04i59q\">\n<div dir=\"auto\">\u00cen acest context, facem apel la solidaritate \u0219i \u00eendemn\u0103m s\u0103 se al\u0103ture \u0219i al\u021bi fermieri, studen\u021bi, absolven\u021bi, colaboratori pentru a fi \u00een num\u0103r c\u00e2t mai mare ca s\u0103 ne facem auzi\u021bi.<\/div>\n<div dir=\"auto\"><\/div>\n<\/div>\n<div class=\"cxmmr5t8 oygrvhab hcukyx3x c1et5uql o9v6fnle ii04i59q\">\n<div dir=\"auto\">LINK la Declara\u021bia Oficial\u0103:<\/div>\n<\/div>\n<div dir=\"auto\"><a href=\"http:\/\/docs.google.com\/document\/d\/19y1DoKhAVyvjpYLuawo5R46TwNoA0JAH\/edit?fbclid=IwAR0aT9yuC3X4PM3iezlLpkfy58DvhYxopw9cECEmQR0jPSGrsnElJXI_wb8\">http:\/\/docs.google.com\/document\/d\/19y1DoKhAVyvjpYLuawo5R46TwNoA0JAH\/edit?fbclid=IwAR0aT9yuC3X4PM3iezlLpkfy58DvhYxopw9cECEmQR0jPSGrsnElJXI_wb8<\/a><\/div>\n","protected":false},"excerpt":{"rendered":"<p>Ast\u0103zi, 6 iulie, la Institutul Muncii a avut loc \u0218edin\u021ba comun\u0103 a Consiliilor Administrative a Organiza\u021biilor profesionale din domeniul agricol, \u00een cadrul c\u0103reia cei prezen\u021bi \u0219i-au expus pozi\u021bia fa\u021b\u0103 de inten\u021bia Guvernului de a lichida Universitatea Agrar\u0103 din Republica Moldova.<\/p>\n","protected":false},"author":3,"featured_media":3122,"comment_status":"closed","ping_status":"closed","sticky":false,"template":"","format":"standard","meta":{"footnotes":"","jetpack_publicize_message":"","jetpack_publicize_feature_enabled":true,"jetpack_social_post_already_shared":false,"jetpack_social_options":{"image_generator_settings":{"template":"highway","default_image_id":0,"font":"","enabled":false},"version":2}},"categories":[],"tags":[],"class_list":["post-3121","post","type-post","status-publish","format-standard","has-post-thumbnail","hentry"],"jetpack_publicize_connections":[],"_links":{"self":[{"href":"https:\/\/fnf.md\/index.php\/wp-json\/wp\/v2\/posts\/3121","targetHints":{"allow":["GET"]}}],"collection":[{"href":"https:\/\/fnf.md\/index.php\/wp-json\/wp\/v2\/posts"}],"about":[{"href":"https:\/\/fnf.md\/index.php\/wp-json\/wp\/v2\/types\/post"}],"author":[{"embeddable":true,"href":"https:\/\/fnf.md\/index.php\/wp-json\/wp\/v2\/users\/3"}],"replies":[{"embeddable":true,"href":"https:\/\/fnf.md\/index.php\/wp-json\/wp\/v2\/comments?post=3121"}],"version-history":[{"count":1,"href":"https:\/\/fnf.md\/index.php\/wp-json\/wp\/v2\/posts\/3121\/revisions"}],"predecessor-version":[{"id":3123,"href":"https:\/\/fnf.md\/index.php\/wp-json\/wp\/v2\/posts\/3121\/revisions\/3123"}],"wp:featuredmedia":[{"embeddable":true,"href":"https:\/\/fnf.md\/index.php\/wp-json\/wp\/v2\/media\/3122"}],"wp:attachment":[{"href":"https:\/\/fnf.md\/index.php\/wp-json\/wp\/v2\/media?parent=3121"}],"wp:term":[{"taxonomy":"category","embeddable":true,"href":"https:\/\/fnf.md\/index.php\/wp-json\/wp\/v2\/categories?post=3121"},{"taxonomy":"post_tag","embeddable":true,"href":"https:\/\/fnf.md\/index.php\/wp-json\/wp\/v2\/tags?post=3121"}],"curies":[{"name":"wp","href":"https:\/\/api.w.org\/{rel}","templated":true}]}}