{"id":3125,"date":"2022-07-08T15:02:09","date_gmt":"2022-07-08T12:02:09","guid":{"rendered":"http:\/\/fnfm.md\/?p=3125"},"modified":"2022-07-08T15:02:09","modified_gmt":"2022-07-08T12:02:09","slug":"vladimir-bolea-noul-ministru-al-agriculturii-si-industriei-alimentare","status":"publish","type":"post","link":"https:\/\/fnf.md\/index.php\/2022\/07\/08\/vladimir-bolea-noul-ministru-al-agriculturii-si-industriei-alimentare\/","title":{"rendered":"VLADIMIR BOLEA &#8211; NOUL MINISTRU AL AGRICULTURII \u0218I INDUSTRIEI ALIMENTARE"},"content":{"rendered":"<div class=\"cxmmr5t8 oygrvhab hcukyx3x c1et5uql o9v6fnle ii04i59q\">\n<div dir=\"auto\">Noul ministru al Agriculturii \u0219i Industriei Alimentare este deputatul de pe listele Partidului Ac\u021biune \u0219i Solidaritate (PAS), Vladimir Bolea. Vineri, 8 iulie, Vladimir Bolea a depus jur\u0103m\u00e2ntul \u00een prezen\u021ba pre\u0219edintei \u021b\u0103rii Maia Sandu \u0219i a prim-ministrei Natalia Gavrili\u021ba.<\/div>\n<\/div>\n<p><!--more--><\/p>\n<div class=\"cxmmr5t8 oygrvhab hcukyx3x c1et5uql o9v6fnle ii04i59q\">\n<div dir=\"auto\">Autorit\u0103\u021bile nu au anun\u021bat mai devreme nici despre demisia ministrului Agriculturii \u0219i Industriei Alimentare, Viorel Gherciu, nici despre propunerea unei noi candidaturi pe aceast\u0103 func\u021bie.<\/div>\n<div dir=\"auto\"><\/div>\n<\/div>\n<div class=\"cxmmr5t8 oygrvhab hcukyx3x c1et5uql o9v6fnle ii04i59q\">\n<div dir=\"auto\">\u00cencep\u00e2nd cu anul 2019, Vladimir Bolea este deputat \u00een Parlamentul R. Moldova, fiind vicepre\u0219edintele, iar din 2021 \u2013 pre\u0219edintele Comisiei parlamentare agricultur\u0103 \u0219i industrie alimentar\u0103. De asemenea, din 2019, Vladimir Bolea este \u0219eful Delega\u021biei Parlamentului R. Moldova la Adunarea Interparlamentar\u0103 a CSI.<\/div>\n<div dir=\"auto\"><\/div>\n<\/div>\n<div class=\"cxmmr5t8 oygrvhab hcukyx3x c1et5uql o9v6fnle ii04i59q\">\n<div dir=\"auto\">Sursa: Zdg.md<\/div>\n<\/div>\n","protected":false},"excerpt":{"rendered":"<p>Noul ministru al Agriculturii \u0219i Industriei Alimentare este deputatul de pe listele Partidului Ac\u021biune \u0219i Solidaritate (PAS), Vladimir Bolea. Vineri, 8 iulie, Vladimir Bolea a depus jur\u0103m\u00e2ntul \u00een prezen\u021ba pre\u0219edintei \u021b\u0103rii Maia Sandu \u0219i a prim-ministrei Natalia Gavrili\u021ba.<\/p>\n","protected":false},"author":3,"featured_media":3126,"comment_status":"closed","ping_status":"closed","sticky":false,"template":"","format":"standard","meta":{"footnotes":"","jetpack_publicize_message":"","jetpack_publicize_feature_enabled":true,"jetpack_social_post_already_shared":false,"jetpack_social_options":{"image_generator_settings":{"template":"highway","default_image_id":0,"font":"","enabled":false},"version":2}},"categories":[],"tags":[],"class_list":["post-3125","post","type-post","status-publish","format-standard","has-post-thumbnail","hentry"],"jetpack_publicize_connections":[],"_links":{"self":[{"href":"https:\/\/fnf.md\/index.php\/wp-json\/wp\/v2\/posts\/3125","targetHints":{"allow":["GET"]}}],"collection":[{"href":"https:\/\/fnf.md\/index.php\/wp-json\/wp\/v2\/posts"}],"about":[{"href":"https:\/\/fnf.md\/index.php\/wp-json\/wp\/v2\/types\/post"}],"author":[{"embeddable":true,"href":"https:\/\/fnf.md\/index.php\/wp-json\/wp\/v2\/users\/3"}],"replies":[{"embeddable":true,"href":"https:\/\/fnf.md\/index.php\/wp-json\/wp\/v2\/comments?post=3125"}],"version-history":[{"count":1,"href":"https:\/\/fnf.md\/index.php\/wp-json\/wp\/v2\/posts\/3125\/revisions"}],"predecessor-version":[{"id":3127,"href":"https:\/\/fnf.md\/index.php\/wp-json\/wp\/v2\/posts\/3125\/revisions\/3127"}],"wp:featuredmedia":[{"embeddable":true,"href":"https:\/\/fnf.md\/index.php\/wp-json\/wp\/v2\/media\/3126"}],"wp:attachment":[{"href":"https:\/\/fnf.md\/index.php\/wp-json\/wp\/v2\/media?parent=3125"}],"wp:term":[{"taxonomy":"category","embeddable":true,"href":"https:\/\/fnf.md\/index.php\/wp-json\/wp\/v2\/categories?post=3125"},{"taxonomy":"post_tag","embeddable":true,"href":"https:\/\/fnf.md\/index.php\/wp-json\/wp\/v2\/tags?post=3125"}],"curies":[{"name":"wp","href":"https:\/\/api.w.org\/{rel}","templated":true}]}}