{"id":3140,"date":"2022-07-26T13:41:33","date_gmt":"2022-07-26T10:41:33","guid":{"rendered":"http:\/\/fnfm.md\/?p=3140"},"modified":"2022-07-26T13:41:33","modified_gmt":"2022-07-26T10:41:33","slug":"razboiul-din-ucraina-a-blocat-exporturile-de-cereale-pentru-producatorii-nostri","status":"publish","type":"post","link":"https:\/\/fnf.md\/index.php\/2022\/07\/26\/razboiul-din-ucraina-a-blocat-exporturile-de-cereale-pentru-producatorii-nostri\/","title":{"rendered":"R\u0102ZBOIUL DIN UCRAINA A BLOCAT EXPORTURILE DE CEREALE PENTRU PRODUC\u0102TORII NO\u0218TRI"},"content":{"rendered":"<div class=\"kvgmc6g5 cxmmr5t8 oygrvhab hcukyx3x c1et5uql ii04i59q\">\n<div dir=\"auto\">Razboiul din Ucraina a blocat exporturile de cereale pentru produc\u0103torii no\u0219tri. Ace\u0219tia exporta cereale la pre\u021buri mici sau nu exporta deloc<\/div>\n<\/div>\n<div class=\"cxmmr5t8 oygrvhab hcukyx3x c1et5uql o9v6fnle ii04i59q\">\n<div dir=\"auto\">Produc\u0103torii de cereale din Republica Moldova sunt nevoi\u021bi s\u0103 \u00ee\u0219i exporte marfa la pre\u021buri derizorii, din cauza r\u0103zboiului din Ucraina. Unde se mai adauga \u0219i seceta.\u00e2<\/div>\n<div dir=\"auto\"><\/div>\n<div dir=\"auto\">Totodat\u0103, din motiv c\u0103 vapoarele \u0219i b\u0103rcile cu care se transport\u0103 cerealele peste hotare nu sunt suficiente, proprietarii acestor vapoare au majorat pre\u021burile de transportate de trei sau chiar cinci ori. A declarat pre\u0219edintele Asocia\u021biei Produc\u0103torilor \u0219i Exportatorilor de Cereale \u201eAgrocereale\u201d, Igor Grigoriev:<\/div>\n<\/div>\n<p><!--more--><\/p>\n<div class=\"cxmmr5t8 oygrvhab hcukyx3x c1et5uql o9v6fnle ii04i59q\">\n<div dir=\"auto\">\u201cR\u0103zboiul din Ucraina a afectat direct \u00eentreaga economie na\u021bional\u0103 a Republicii Moldova, dar \u00een primul r\u00e2nd sectorul agroalimentar \u0219i cel agrocerealier. C\u00e2nd s-a \u00eenceput r\u0103zboiul, porturile din Odesa au fost blocate \u0219i acestea sunt blocate \u0219i p\u00e2n\u0103 \u00een prezent, Ucraina av\u00e2nd \u00een stocuri milioane de tone de cereale \u2013 gr\u00e2u, porumb, floarea soarelui, soia.\u201d, a explicat Igor Grigoriev.<\/div>\n<\/div>\n<div class=\"cxmmr5t8 oygrvhab hcukyx3x c1et5uql o9v6fnle ii04i59q\">\n<div dir=\"auto\">Totodat\u0103, sectorul agrocerealier al Republicii Moldova a fost afectat sim\u021bitor de stocurile mari de marf\u0103 ale Ucrainei, care au f\u0103cut ca pre\u021burile de export la toate cerealele s\u0103 scad\u0103 de aproape de dou\u0103 ori.<\/div>\n<div dir=\"auto\"><\/div>\n<\/div>\n<div class=\"cxmmr5t8 oygrvhab hcukyx3x c1et5uql o9v6fnle ii04i59q\">\n<div dir=\"auto\">\u00a0Am discutat cu unul dintre cei mai mari produc\u0103tori de cereale din nordul \u021b\u0103rii, domnul Alexei Chiriac, administrator al \u201cAgro SRL\u201d din raionul Donduseni, pentru a afla cum se descurca in aceste condi\u021bii \u0219i care este situa\u021bia la moment vizavi de exporturi.<\/div>\n<div dir=\"auto\">Cultiva pe un teren cu o suprafa\u021ba de 9.500 hectare ( porumb, griu, soia, sfecla de zah\u0103r, rapi\u021ba, floarea-soarelui \u0219i orz).<\/div>\n<div dir=\"auto\">Din spusele sale, fermierul s-a pomenit intr-o situa\u021bie destul de complicata \u0219i asta deoarece, ultimele exporturi le-a f\u0103cut abia la \u00eenceputul r\u0103zboiului din Ucraina iar acum in mare parte, falimenteaza.<\/div>\n<div dir=\"auto\"><\/div>\n<\/div>\n<div class=\"cxmmr5t8 oygrvhab hcukyx3x c1et5uql o9v6fnle ii04i59q\">\n<div dir=\"auto\">\u201c Am avut exporturi ultima oar\u0103 c\u00e2nd s-a \u00eenceput r\u0103zboiul dar \u0219i acelea foarte modeste, sub 5-6%. Acum nu mai avem deloc exporturi. Faliment\u0103m in mare parte. Roada din acest an din cauza acestei secete este la nivelul celei din 2020, dac\u0103 am avea m\u0103car ce str\u00e2nge..<\/div>\n<div dir=\"auto\">Nu prea mai facem fata nici pre\u021burilor ridicate \u0219i ne a\u0219teptam la cresteri mari \u0219i la pesticide\u201d.<\/div>\n<div dir=\"auto\"><\/div>\n<\/div>\n<div class=\"cxmmr5t8 oygrvhab hcukyx3x c1et5uql o9v6fnle ii04i59q\">\n<div dir=\"auto\">Cu toate acestea, producatorul se arat\u0103 optimist \u0219i considera ca situa\u021bia se va ameliora treptat iar problemele din prezent sunt vremelnice.<\/div>\n<\/div>\n<div class=\"cxmmr5t8 oygrvhab hcukyx3x c1et5uql o9v6fnle ii04i59q\">\n<div dir=\"auto\">\u201c \u00cencerc sa r\u0103m\u00e2n optimist. Cred ca e vremelnic totul si ca pre\u021burile la produc\u021bia noastr\u0103 vor creste. Totul se va normaliza intr-un final\u201d.<\/div>\n<\/div>\n<div class=\"cxmmr5t8 oygrvhab hcukyx3x c1et5uql o9v6fnle ii04i59q\">\n<div dir=\"auto\">Men\u021bionam ca in prezent, Republica Moldova export\u0103 cereale \u00een Rom\u00e2nia, Bulgaria, Turcia, Egipt, Libia, Italia, Spania, dar \u0219i \u00een alte state.<\/div>\n<\/div>\n","protected":false},"excerpt":{"rendered":"<p>Razboiul din Ucraina a blocat exporturile de cereale pentru produc\u0103torii no\u0219tri. Ace\u0219tia exporta cereale la pre\u021buri mici sau nu exporta deloc Produc\u0103torii de cereale din Republica Moldova sunt nevoi\u021bi s\u0103 \u00ee\u0219i exporte marfa la pre\u021buri derizorii, din cauza r\u0103zboiului din Ucraina. Unde se mai adauga \u0219i seceta.\u00e2 Totodat\u0103, din motiv c\u0103 vapoarele \u0219i b\u0103rcile cu&#8230;<\/p>\n","protected":false},"author":3,"featured_media":3141,"comment_status":"closed","ping_status":"closed","sticky":false,"template":"","format":"standard","meta":{"footnotes":"","jetpack_publicize_message":"","jetpack_publicize_feature_enabled":true,"jetpack_social_post_already_shared":false,"jetpack_social_options":{"image_generator_settings":{"template":"highway","default_image_id":0,"font":"","enabled":false},"version":2}},"categories":[],"tags":[],"class_list":["post-3140","post","type-post","status-publish","format-standard","has-post-thumbnail","hentry"],"jetpack_publicize_connections":[],"_links":{"self":[{"href":"https:\/\/fnf.md\/index.php\/wp-json\/wp\/v2\/posts\/3140","targetHints":{"allow":["GET"]}}],"collection":[{"href":"https:\/\/fnf.md\/index.php\/wp-json\/wp\/v2\/posts"}],"about":[{"href":"https:\/\/fnf.md\/index.php\/wp-json\/wp\/v2\/types\/post"}],"author":[{"embeddable":true,"href":"https:\/\/fnf.md\/index.php\/wp-json\/wp\/v2\/users\/3"}],"replies":[{"embeddable":true,"href":"https:\/\/fnf.md\/index.php\/wp-json\/wp\/v2\/comments?post=3140"}],"version-history":[{"count":1,"href":"https:\/\/fnf.md\/index.php\/wp-json\/wp\/v2\/posts\/3140\/revisions"}],"predecessor-version":[{"id":3142,"href":"https:\/\/fnf.md\/index.php\/wp-json\/wp\/v2\/posts\/3140\/revisions\/3142"}],"wp:featuredmedia":[{"embeddable":true,"href":"https:\/\/fnf.md\/index.php\/wp-json\/wp\/v2\/media\/3141"}],"wp:attachment":[{"href":"https:\/\/fnf.md\/index.php\/wp-json\/wp\/v2\/media?parent=3140"}],"wp:term":[{"taxonomy":"category","embeddable":true,"href":"https:\/\/fnf.md\/index.php\/wp-json\/wp\/v2\/categories?post=3140"},{"taxonomy":"post_tag","embeddable":true,"href":"https:\/\/fnf.md\/index.php\/wp-json\/wp\/v2\/tags?post=3140"}],"curies":[{"name":"wp","href":"https:\/\/api.w.org\/{rel}","templated":true}]}}