{"id":3149,"date":"2022-08-04T10:09:25","date_gmt":"2022-08-04T07:09:25","guid":{"rendered":"http:\/\/fnfm.md\/?p=3149"},"modified":"2022-08-04T10:09:25","modified_gmt":"2022-08-04T07:09:25","slug":"prima-conferinta-de-amploare-marca-priaevents-destinata-agriculturii-va-avea-loc-la-balti","status":"publish","type":"post","link":"https:\/\/fnf.md\/index.php\/2022\/08\/04\/prima-conferinta-de-amploare-marca-priaevents-destinata-agriculturii-va-avea-loc-la-balti\/","title":{"rendered":"PRIMA CONFERIN\u021a\u0102 DE AMPLOARE MARCA PRIAEVENTS DESTINAT\u0102 AGRICULTURII VA AVEA LOC LA B\u0102L\u021aI"},"content":{"rendered":"<div class=\"kvgmc6g5 cxmmr5t8 oygrvhab hcukyx3x c1et5uql ii04i59q\">\n<div dir=\"auto\">PRIAevents, alaturi de parteneri s\u0103i, FinComBank S.A., SMART CREDIT \u0219i Federatia Nationala A Fermierilor din Republica Moldova v\u0103 invit\u0103 la prima conferin\u021b\u0103 de amploare destinat\u0103 agriculturii \u00een Republica Moldova, care va avea loc in B\u0103l\u021bi, de la ora 9:30,\u00een data de 18 august 2022.<\/div>\n<\/div>\n<p><!--more--><\/p>\n<div class=\"cxmmr5t8 oygrvhab hcukyx3x c1et5uql o9v6fnle ii04i59q\">\n<div dir=\"auto\">Este o premier\u0103 fiind primul eveniment de anvergur\u0103 destinat agriculturii \u0219i cre\u0219terii acesteia, dar \u0219i dezvolt\u0103rii fermierilor din Moldova, \u0219i cu studii de caz din B\u0103l\u021bi.<\/div>\n<\/div>\n<div class=\"cxmmr5t8 oygrvhab hcukyx3x c1et5uql o9v6fnle ii04i59q\">\n<div dir=\"auto\">Fermierii vor fi pu\u0219i \u00een leg\u0103tura cu finan\u021batorii, avoca\u021bii, asiguratorii \u0219i supermarketurile pentru a g\u0103si \u00eempreun\u0103 solu\u021biile de colaborare cele mai bune !<\/div>\n<\/div>\n<div class=\"cxmmr5t8 oygrvhab hcukyx3x c1et5uql o9v6fnle ii04i59q\">\n<div dir=\"auto\">Pentru prima dat\u0103, \u00een Republica Moldova, se organizeaz\u0103 acest eveniment de anvergur\u0103 destinat agricultorilor.<\/div>\n<\/div>\n<div class=\"cxmmr5t8 oygrvhab hcukyx3x c1et5uql o9v6fnle ii04i59q\">\n<div dir=\"auto\">Antreprenorii vor afla despre posibilit\u0103\u021bile de dezvoltare a afacerilor, despre subven\u021biile \u0219i fondurile oferite de Guvern pentru agricultur\u0103, dar vor putea alfa \u0219i povesti de succes de la al\u021bi fermieri \u0219i antreprenori de succes. Totodat\u0103, vor fi analizate proiectele desf\u0103\u0219urate \u00een B\u0103l\u021bi, dar \u0219i oportunit\u0103\u021bile de atragere a investitorilor \u00een aceast\u0103 zon\u0103.<\/div>\n<\/div>\n<div class=\"cxmmr5t8 oygrvhab hcukyx3x c1et5uql o9v6fnle ii04i59q\">\n<div dir=\"auto\">Vede\u021bi Agenda completa pe: www.priaevents.ro<\/div>\n<div dir=\"auto\">\n<div class=\"kvgmc6g5 cxmmr5t8 oygrvhab hcukyx3x c1et5uql ii04i59q\">\n<div dir=\"auto\">PRIAevents, alaturi de parteneri s\u0103i, FinComBank S.A., SMART CREDIT \u0219i Federatia Nationala A Fermierilor din Republica Moldova v\u0103 invit\u0103 la prima conferin\u021b\u0103 de amploare destinat\u0103 agriculturii \u00een Republica Moldova, care va avea loc in B\u0103l\u021bi, de la ora 9:30,\u00een data de 18 august 2022.<\/div>\n<\/div>\n<div class=\"cxmmr5t8 oygrvhab hcukyx3x c1et5uql o9v6fnle ii04i59q\">\n<div dir=\"auto\">Este o premier\u0103 fiind primul eveniment de anvergur\u0103 destinat agriculturii \u0219i cre\u0219terii acesteia, dar \u0219i dezvolt\u0103rii fermierilor din Moldova, \u0219i cu studii de caz din B\u0103l\u021bi.<\/div>\n<\/div>\n<div class=\"cxmmr5t8 oygrvhab hcukyx3x c1et5uql o9v6fnle ii04i59q\">\n<div dir=\"auto\">Fermierii vor fi pu\u0219i \u00een leg\u0103tura cu finan\u021batorii, avoca\u021bii, asiguratorii \u0219i supermarketurile pentru a g\u0103si \u00eempreun\u0103 solu\u021biile de colaborare cele mai bune !<\/div>\n<\/div>\n<div class=\"cxmmr5t8 oygrvhab hcukyx3x c1et5uql o9v6fnle ii04i59q\">\n<div dir=\"auto\">Pentru prima dat\u0103, \u00een Republica Moldova, se organizeaz\u0103 acest eveniment de anvergur\u0103 destinat agricultorilor.<\/div>\n<\/div>\n<div class=\"cxmmr5t8 oygrvhab hcukyx3x c1et5uql o9v6fnle ii04i59q\">\n<div dir=\"auto\">Antreprenorii vor afla despre posibilit\u0103\u021bile de dezvoltare a afacerilor, despre subven\u021biile \u0219i fondurile oferite de Guvern pentru agricultur\u0103, dar vor putea alfa \u0219i povesti de succes de la al\u021bi fermieri \u0219i antreprenori de succes. Totodat\u0103, vor fi analizate proiectele desf\u0103\u0219urate \u00een B\u0103l\u021bi, dar \u0219i oportunit\u0103\u021bile de atragere a investitorilor \u00een aceast\u0103 zon\u0103.<\/div>\n<\/div>\n<div class=\"cxmmr5t8 oygrvhab hcukyx3x c1et5uql o9v6fnle ii04i59q\">\n<div dir=\"auto\">Vede\u021bi Agenda completa pe: <a href=\"http:\/\/priaevents.ro\/inregistrare-pria-agriculture-balti-18-august-2022\/?fbclid=IwAR0aI9mEhSkUh0DloFUJQkojeJqXxWS0ydHYso3hj9dhJYy23hh0zij_oD8\">http:\/\/priaevents.ro\/inregistrare-pria-agriculture-balti-18-august-2022\/?fbclid=IwAR0aI9mEhSkUh0DloFUJQkojeJqXxWS0ydHYso3hj9dhJYy23hh0zij_oD8<\/a><\/div>\n<\/div>\n<\/div>\n<\/div>\n","protected":false},"excerpt":{"rendered":"<p>PRIAevents, alaturi de parteneri s\u0103i, FinComBank S.A., SMART CREDIT \u0219i Federatia Nationala A Fermierilor din Republica Moldova v\u0103 invit\u0103 la prima conferin\u021b\u0103 de amploare destinat\u0103 agriculturii \u00een Republica Moldova, care va avea loc in B\u0103l\u021bi, de la ora 9:30,\u00een data de 18 august 2022.<\/p>\n","protected":false},"author":3,"featured_media":3150,"comment_status":"closed","ping_status":"closed","sticky":false,"template":"","format":"standard","meta":{"footnotes":"","jetpack_publicize_message":"","jetpack_publicize_feature_enabled":true,"jetpack_social_post_already_shared":false,"jetpack_social_options":{"image_generator_settings":{"template":"highway","default_image_id":0,"font":"","enabled":false},"version":2}},"categories":[],"tags":[],"class_list":["post-3149","post","type-post","status-publish","format-standard","has-post-thumbnail","hentry"],"jetpack_publicize_connections":[],"_links":{"self":[{"href":"https:\/\/fnf.md\/index.php\/wp-json\/wp\/v2\/posts\/3149","targetHints":{"allow":["GET"]}}],"collection":[{"href":"https:\/\/fnf.md\/index.php\/wp-json\/wp\/v2\/posts"}],"about":[{"href":"https:\/\/fnf.md\/index.php\/wp-json\/wp\/v2\/types\/post"}],"author":[{"embeddable":true,"href":"https:\/\/fnf.md\/index.php\/wp-json\/wp\/v2\/users\/3"}],"replies":[{"embeddable":true,"href":"https:\/\/fnf.md\/index.php\/wp-json\/wp\/v2\/comments?post=3149"}],"version-history":[{"count":1,"href":"https:\/\/fnf.md\/index.php\/wp-json\/wp\/v2\/posts\/3149\/revisions"}],"predecessor-version":[{"id":3151,"href":"https:\/\/fnf.md\/index.php\/wp-json\/wp\/v2\/posts\/3149\/revisions\/3151"}],"wp:featuredmedia":[{"embeddable":true,"href":"https:\/\/fnf.md\/index.php\/wp-json\/wp\/v2\/media\/3150"}],"wp:attachment":[{"href":"https:\/\/fnf.md\/index.php\/wp-json\/wp\/v2\/media?parent=3149"}],"wp:term":[{"taxonomy":"category","embeddable":true,"href":"https:\/\/fnf.md\/index.php\/wp-json\/wp\/v2\/categories?post=3149"},{"taxonomy":"post_tag","embeddable":true,"href":"https:\/\/fnf.md\/index.php\/wp-json\/wp\/v2\/tags?post=3149"}],"curies":[{"name":"wp","href":"https:\/\/api.w.org\/{rel}","templated":true}]}}