{"id":3185,"date":"2022-08-18T14:05:16","date_gmt":"2022-08-18T11:05:16","guid":{"rendered":"http:\/\/fnfm.md\/?p=3185"},"modified":"2022-08-18T14:05:16","modified_gmt":"2022-08-18T11:05:16","slug":"sedinta-fnfm-cu-conducerea-ministerului-agriculturii","status":"publish","type":"post","link":"https:\/\/fnf.md\/index.php\/2022\/08\/18\/sedinta-fnfm-cu-conducerea-ministerului-agriculturii\/","title":{"rendered":"\u0218EDIN\u021a\u0102 FNFM CU CONDUCEREA MINISTERULUI AGRICULTURII"},"content":{"rendered":"<div class=\"m8h3af8h l7ghb35v kjdc1dyq kmwttqpk gh25dzvf n3t5jt4f\">\n<div dir=\"auto\">Ministrul Agriculturii, Vladimir Bolea a avut, \u00een dup\u0103-amiaza zilei de ieri, 17 august, o \u0219edin\u021b\u0103 cu membrii Federa\u021biei Na\u021bionale a Fermierilor din Moldova \u0219i o \u00eentrevedere cu Asocia\u021bia For\u021bei Fermierilor.<\/div>\n<\/div>\n<p><!--more--><\/p>\n<div class=\"l7ghb35v kjdc1dyq kmwttqpk gh25dzvf jikcssrz n3t5jt4f\">\n<div dir=\"auto\">\u00cen cadrul \u0219edin\u021belor a fost discutat\u0103 situa\u021bia din domeniul agroalimentar, precum \u0219i cele mai stringente probleme cu care se confrunt\u0103 fermierii. Pentru \u00eenceput, ministrul a men\u021bionat c\u0103, asemenea \u00eent\u00e2lniri vor fi organizate cu regularitate, deoarece ministerul preconizeaz\u0103 s\u0103 creeze Consilii de consultare \u00een toate domeniile, pentru a cunoa\u0219te problemele din teritoriu din prima surs\u0103, ca mai apoi s\u0103 vin\u0103 cu propuneri \u0219i solu\u021bii pentru agricultori.<\/div>\n<\/div>\n<div class=\"l7ghb35v kjdc1dyq kmwttqpk gh25dzvf jikcssrz n3t5jt4f\">\n<div dir=\"auto\">Vladimir Bolea: \u201dSuntem interesa\u021bi de problemele cu care se confrunt\u0103 produc\u0103torii, de aceea, depunem toate eforturile pentru a crea condi\u021bii prielnice pentru ei. Am avut \u00eent\u00e2lniri cu reprezentan\u021bii b\u0103ncilor comerciale, am propus ca agricultorii care prezint\u0103 acte de constatare a pierderilor cauzate de seceta anului 2022 s\u0103 nu fie penaliza\u021bi o perioad\u0103 determinat\u0103, s\u0103 fie ree\u0219alonate datoriile, at\u00e2t din partea companiilor furnizoare de inputuri, c\u00e2t \u0219i din partea institu\u021biilor financiar bancare. Avem discu\u021bii referitor la rambursarea TVA acumulat\u0103 \u00een conturi la acoperirea diverselor pl\u0103\u021bi. Ast\u0103zi am avut \u0219edin\u021b\u0103 cu reprezentan\u021bii B\u0103ncii Na\u021bionale \u0219i ai Ministerului Finan\u021belor unde am discutat aspectele \u0219i posibilit\u0103\u021bile de reclasificare a condi\u021biilor de creditare a agricultorilor, diverse facilit\u0103\u021bi fiscale. Apropo, din 1 ianuarie 2023 va \u00eencepe procesul de rambursare a TVA lunar. Sunt prev\u0103zute \u0219i alte ac\u021biuni care \u00een final trebuie s\u0103 ajute agricultorii s\u0103 ias\u0103 din impas.\u201d<\/div>\n<\/div>\n<div class=\"l7ghb35v kjdc1dyq kmwttqpk gh25dzvf jikcssrz n3t5jt4f\">\n<div dir=\"auto\">In cadrul sedintei, Federatia Nationala a Fermierilor din Moldova a venit cu o serie de propuneri catre conducerea Ministerului care pornesc de la ingrijorarea fa\u021b\u0103 de situa\u021bia care s-a creat \u00een agricultur\u0103 ca urmare a secetei din acest an, dar \u0219i pandemiei COVID-19, criza energetic\u0103 \u0219i r\u0103zboiul din Ucraina, cre\u0219terii mai mult ca oric\u00eend a pre\u021burilor la imputurile utilizate \u00een agricultur\u0103.<\/div>\n<div dir=\"auto\">Aceste fenomene i-au adus pe o mare parte din agricultori \u00een stare de faliment \u0219i cu certitudine putem spune c\u0103 ei nu vor mai fi \u00een stare s\u0103 \u00eenceap\u0103 un nou sezon agricol, 2022-2023.<\/div>\n<\/div>\n<div class=\"l7ghb35v kjdc1dyq kmwttqpk gh25dzvf jikcssrz n3t5jt4f\">\n<div dir=\"auto\">Astfel, printre propunerile inaintate, au fost:<\/div>\n<div dir=\"auto\">1. Identificarea de mijloace financiare pentru sprijinirea agricultorilor care au suferit \u00een urma secetei pentru \u00eenf\u0103ptuirea companiei agricole de sem\u0103nat de toamn\u0103 a.2022 \u0219i prim\u0103vara a.2023 la procurarea semin\u021belor, motorinei \u0219i \u00eengr\u0103\u0219\u0103mintelor;<\/div>\n<div dir=\"auto\">2. S\u0103 se anun\u021be stare de urgen\u021b\u0103 \u00een agricultur\u0103 pentru agricultorii care au fost afecta\u021bi de secet\u0103, culturile c\u0103rora au fost compromise mai mult de 40-50%;<\/div>\n<div dir=\"auto\">3. Achizitia de la Fermieri a gr\u00e2ului si porumbului boabe din roada a.2022 la un pret nu mai mic decat cel de la bursa pentru crearea Fondului de Interventie (Stock-ului public de interventie) conform Legii Nr.257 din 27.07.2006 privind organizarea si functionarea pietelor agricole si agroalimentare;<\/div>\n<div dir=\"auto\">4. Aplicarea Legii Nr.33 din 24.02.2006 privind depozitarea cerealelor si regimul certificatelor de deposit pentru cereale pentru facilitarea accesului pentru creditare a fermierilor.<\/div>\n<div dir=\"auto\">5. Elaborarea \u0219i adoptarea \u00een temeni restr\u00een\u0219i a Legii creditului agricol, care ar crea condi\u021bii favorabile de acces la finan\u021be pentru agricultori \u00een toate situa\u021biile si altele.<\/div>\n<\/div>\n<div class=\"l7ghb35v kjdc1dyq kmwttqpk gh25dzvf jikcssrz n3t5jt4f\">\n<div dir=\"auto\">Mai jos puteti vedea Adresarea completa a CA FNFM ce contine intreaga lista de propuneri catre Ministerul Agriculturii.<\/div>\n<div dir=\"auto\"><span class=\"fxk3tzhb b2rh1bv3 gh55jysx m8h3af8h ewco64xe kjdc1dyq ms56khn7 bq6c9xl4 eohcrkr5 akh3l2rg\"><img loading=\"lazy\" decoding=\"async\" src=\"https:\/\/static.xx.fbcdn.net\/images\/emoji.php\/v9\/taa\/1.5\/16\/1f449.png\" alt=\"\ud83d\udc49\" width=\"16\" height=\"16\" \/><\/span>LINK aici: <a href=\"http:\/\/%20https:\/\/docs.google.com\/document\/d\/1Dv4mIPkyhxWaJWvlVqhJk-945evc70jc\/edit?fbclid=IwAR2FQEs6QGjrNr17AlPSvkf2nwknDT4htvISE4U6gMQp1fed2mNO3RPPCaM\">http:\/\/ https:\/\/docs.google.com\/document\/d\/1Dv4mIPkyhxWaJWvlVqhJk-945evc70jc\/edit?fbclid=IwAR2FQEs6QGjrNr17AlPSvkf2nwknDT4htvISE4U6gMQp1fed2mNO3RPPCaM<\/a><\/div>\n<\/div>\n","protected":false},"excerpt":{"rendered":"<p>Ministrul Agriculturii, Vladimir Bolea a avut, \u00een dup\u0103-amiaza zilei de ieri, 17 august, o \u0219edin\u021b\u0103 cu membrii Federa\u021biei Na\u021bionale a Fermierilor din Moldova \u0219i o \u00eentrevedere cu Asocia\u021bia For\u021bei Fermierilor.<\/p>\n","protected":false},"author":3,"featured_media":3186,"comment_status":"closed","ping_status":"closed","sticky":false,"template":"","format":"standard","meta":{"footnotes":"","jetpack_publicize_message":"","jetpack_publicize_feature_enabled":true,"jetpack_social_post_already_shared":false,"jetpack_social_options":{"image_generator_settings":{"template":"highway","default_image_id":0,"font":"","enabled":false},"version":2}},"categories":[],"tags":[],"class_list":["post-3185","post","type-post","status-publish","format-standard","has-post-thumbnail","hentry"],"jetpack_publicize_connections":[],"_links":{"self":[{"href":"https:\/\/fnf.md\/index.php\/wp-json\/wp\/v2\/posts\/3185","targetHints":{"allow":["GET"]}}],"collection":[{"href":"https:\/\/fnf.md\/index.php\/wp-json\/wp\/v2\/posts"}],"about":[{"href":"https:\/\/fnf.md\/index.php\/wp-json\/wp\/v2\/types\/post"}],"author":[{"embeddable":true,"href":"https:\/\/fnf.md\/index.php\/wp-json\/wp\/v2\/users\/3"}],"replies":[{"embeddable":true,"href":"https:\/\/fnf.md\/index.php\/wp-json\/wp\/v2\/comments?post=3185"}],"version-history":[{"count":1,"href":"https:\/\/fnf.md\/index.php\/wp-json\/wp\/v2\/posts\/3185\/revisions"}],"predecessor-version":[{"id":3187,"href":"https:\/\/fnf.md\/index.php\/wp-json\/wp\/v2\/posts\/3185\/revisions\/3187"}],"wp:featuredmedia":[{"embeddable":true,"href":"https:\/\/fnf.md\/index.php\/wp-json\/wp\/v2\/media\/3186"}],"wp:attachment":[{"href":"https:\/\/fnf.md\/index.php\/wp-json\/wp\/v2\/media?parent=3185"}],"wp:term":[{"taxonomy":"category","embeddable":true,"href":"https:\/\/fnf.md\/index.php\/wp-json\/wp\/v2\/categories?post=3185"},{"taxonomy":"post_tag","embeddable":true,"href":"https:\/\/fnf.md\/index.php\/wp-json\/wp\/v2\/tags?post=3185"}],"curies":[{"name":"wp","href":"https:\/\/api.w.org\/{rel}","templated":true}]}}